{"id":17888,"date":"2022-12-15T12:05:14","date_gmt":"2022-12-15T11:05:14","guid":{"rendered":"https:\/\/zema.de\/?p=17888"},"modified":"2022-12-15T14:53:46","modified_gmt":"2022-12-15T13:53:46","slug":"saarlaendischer-european-digital-innovation-hub-geht-2023-an-den-start","status":"publish","type":"post","link":"https:\/\/zema.de\/fr\/2022\/12\/15\/saarlaendischer-european-digital-innovation-hub-geht-2023-an-den-start\/","title":{"rendered":"Le European Digital Innovation Hub de Sarre sera lanc\u00e9 en 2023"},"content":{"rendered":"<div class=\"wpb-content-wrapper\"><div class=\"vc_row wpb_row vc_row-fluid vc_custom_1652774372624\"><div class=\"wpb_column vc_column_container vc_col-sm-6\"><div class=\"vc_column-inner\"><div class=\"wpb_wrapper\">\n\t<div class=\"wpb_text_column wpb_content_element\" >\n\t\t<div class=\"wpb_wrapper\">\n\t\t\t<h2 class=\"Text\"><span class=\"TextRun SCXW121524916 BCX9\" lang=\"DE-DE\" xml:lang=\"DE-DE\" data-contrast=\"none\"><span class=\"NormalTextRun SCXW121524916 BCX9\" data-ccp-parastyle=\"heading 1\">S<\/span><span class=\"NormalTextRun SCXW121524916 BCX9\" data-ccp-parastyle=\"heading 1\">Arlandais<\/span><span class=\"NormalTextRun SCXW121524916 BCX9\" data-ccp-parastyle=\"heading 1\">r<\/span> <span class=\"NormalTextRun SCXW121524916 BCX9\" data-ccp-parastyle=\"heading 1\">European Digital Innovation Hub<\/span><span class=\"NormalTextRun SCXW121524916 BCX9\" data-ccp-parastyle=\"heading 1\"> D\u00e9marrage en 2023<\/span><\/span><span class=\"EOP SCXW121524916 BCX9\" data-ccp-props=\"{&quot;335551550&quot;:6,&quot;335551620&quot;:6,&quot;335559738&quot;:240,&quot;335559739&quot;:0}\">\u00a0<\/span><\/h2>\n<p><span class=\"TextRun SCXW147484313 BCX9\" lang=\"DE-DE\" xml:lang=\"DE-DE\" data-contrast=\"auto\"><span class=\"NormalTextRun SCXW147484313 BCX9\">D\u00e9but janvier 2023 commence d<\/span><span class=\"NormalTextRun SCXW147484313 BCX9\">lui <\/span><span class=\"NormalTextRun SCXW147484313 BCX9\">European Digital Innovation Hub<\/span><span class=\"NormalTextRun SCXW147484313 BCX9\"> (EDIH)<\/span><span class=\"NormalTextRun SCXW147484313 BCX9\"> Sarre<\/span><span class=\"NormalTextRun SCXW147484313 BCX9\">. D<\/span><span class=\"NormalTextRun SCXW147484313 BCX9\">EDIH Saarland<\/span> <span class=\"NormalTextRun SCXW147484313 BCX9\">repr\u00e9sente<\/span><span class=\"NormalTextRun SCXW147484313 BCX9\"> en particulier:<\/span><span class=\"NormalTextRun SCXW147484313 BCX9\"> petites et moyennes entreprises r\u00e9gionales<\/span><span class=\"NormalTextRun SCXW147484313 BCX9\">n<\/span><span class=\"NormalTextRun SCXW147484313 BCX9\"> entreprises<\/span><span class=\"NormalTextRun SCXW147484313 BCX9\"> (PME)<\/span><span class=\"NormalTextRun SCXW147484313 BCX9\"> De m\u00eame, l'administration publique dispose d'un vaste <\/span><span class=\"NormalTextRun SCXW147484313 BCX9\">offre<\/span><span class=\"NormalTextRun SCXW147484313 BCX9\"> en mettant l'accent sur: <\/span><span class=\"NormalTextRun SCXW147484313 BCX9\">la num\u00e9risation; <\/span><span class=\"NormalTextRun SCXW147484313 BCX9\">Intelligence artificielle et futures technologies cl\u00e9s g\u00e9n\u00e9riques.<\/span><span class=\"NormalTextRun SCXW147484313 BCX9\">\u00a0<\/span><\/span><span class=\"EOP SCXW147484313 BCX9\" data-ccp-props=\"{&quot;335551550&quot;:6,&quot;335551620&quot;:6}\">\u00a0<\/span><\/p>\n<p>&nbsp;<\/p>\n<p aria-level=\"2\"><strong>Offres pour augmenter durablement l'affinit\u00e9 num\u00e9rique &amp; IA\u00a0<\/strong><\/p>\n<p><span class=\"TextRun SCXW99734486 BCX9\" lang=\"DE-DE\" xml:lang=\"DE-DE\" data-contrast=\"auto\"><span class=\"NormalTextRun SCXW99734486 BCX9\">Par la <\/span><span class=\"NormalTextRun SCXW99734486 BCX9\">Application de<\/span><span class=\"NormalTextRun SCXW99734486 BCX9\"> Num\u00e9risation et<\/span><span class=\"NormalTextRun SCXW99734486 BCX9\"> L'intelligence artificielle en<\/span><span class=\"NormalTextRun SCXW99734486 BCX9\"> Entrepreneuriat<\/span><span class=\"NormalTextRun SCXW99734486 BCX9\"> Processus<\/span><span class=\"NormalTextRun SCXW99734486 BCX9\">sen, de la production et au bureau <\/span><span class=\"NormalTextRun SCXW99734486 BCX9\">sera<\/span> <span class=\"NormalTextRun SCXW99734486 BCX9\">l' EDIH Saarland<\/span> <span class=\"NormalTextRun SCXW99734486 BCX9\">PME<\/span><span class=\"NormalTextRun SCXW99734486 BCX9\"> dans la r\u00e9gion <\/span><span class=\"NormalTextRun SCXW99734486 BCX9\">dans <\/span><span class=\"NormalTextRun SCXW99734486 BCX9\">i<\/span><span class=\"NormalTextRun SCXW99734486 BCX9\">Accro\u00eetre la comp\u00e9titivit\u00e9<\/span><span class=\"NormalTextRun SCXW99734486 BCX9\">. Nombreux <\/span><span class=\"NormalTextRun SCXW99734486 BCX9\">A<\/span><span class=\"NormalTextRun SCXW99734486 BCX9\">ngebote <\/span><span class=\"NormalTextRun SCXW99734486 BCX9\">sont pr\u00e9vus pour permettre aux entreprises de cr\u00e9er de nouvelles <\/span><span class=\"NormalTextRun SCXW99734486 BCX9\">num\u00e9rique <\/span><span class=\"NormalTextRun SCXW99734486 BCX9\">technologies<\/span><span class=\"NormalTextRun SCXW99734486 BCX9\">, comme les solutions d\u2019IA,<\/span><span class=\"NormalTextRun SCXW99734486 BCX9\"> \u00e0 adapter<\/span><span class=\"NormalTextRun SCXW99734486 BCX9\"> et <\/span><span class=\"NormalTextRun SCXW99734486 BCX9\">dans <\/span><span class=\"NormalTextRun SCXW99734486 BCX9\">dont: <\/span><span class=\"NormalTextRun SCXW99734486 BCX9\">Int\u00e9gration et <\/span><span class=\"NormalTextRun SCXW99734486 BCX9\">Investir dans le d\u00e9veloppement.<\/span> <span class=\"NormalTextRun SCXW99734486 BCX9\">Ce faisant:<\/span><span class=\"NormalTextRun SCXW99734486 BCX9\"> Former les collaborateurs \u00e0 leurs \u00abcomp\u00e9tences\u00bb num\u00e9riques <\/span><span class=\"NormalTextRun SCXW99734486 BCX9\">et impliqu\u00e9s dans le changement<\/span><span class=\"NormalTextRun SCXW99734486 BCX9\">. <\/span><span class=\"NormalTextRun SCXW99734486 BCX9\">Les possibilit\u00e9s de financement et la mise en r\u00e9seau avec des partenaires commerciaux et de d\u00e9veloppement potentiels font partie de ces offres.<\/span><\/span><span class=\"EOP SCXW99734486 BCX9\" data-ccp-props=\"{&quot;335551550&quot;:6,&quot;335551620&quot;:6}\">\u00a0<\/span><\/p>\n\n\t\t<\/div>\n\t<\/div>\n<\/div><\/div><\/div><div class=\"wpb_column vc_column_container vc_col-sm-6\"><div class=\"vc_column-inner\"><div class=\"wpb_wrapper\">\n\t<div  class=\"wpb_single_image wpb_content_element vc_align_left  vc_custom_1671015523095\">\n\t\t\n\t\t<figure class=\"wpb_wrapper vc_figure\">\n\t\t\t<div class=\"vc_single_image-wrapper   vc_box_border_grey\"><img loading=\"lazy\" decoding=\"async\" width=\"2000\" height=\"1334\" src=\"https:\/\/zema.de\/wp-content\/uploads\/2022\/12\/Start-EDIH.png\" class=\"vc_single_image-img attachment-full\" alt=\"\" title=\"D\u00e9marrer EDIH\" srcset=\"https:\/\/zema.de\/wp-content\/uploads\/2022\/12\/Start-EDIH.png 2000w, https:\/\/zema.de\/wp-content\/uploads\/2022\/12\/Start-EDIH-300x200.png 300w, https:\/\/zema.de\/wp-content\/uploads\/2022\/12\/Start-EDIH-1024x683.png 1024w, https:\/\/zema.de\/wp-content\/uploads\/2022\/12\/Start-EDIH-768x512.png 768w, https:\/\/zema.de\/wp-content\/uploads\/2022\/12\/Start-EDIH-1536x1025.png 1536w\" sizes=\"auto, (max-width: 2000px) 100vw, 2000px\"  data-dt-location=\"https:\/\/zema.de\/fr\/2022\/12\/15\/saarlaendischer-european-digital-innovation-hub-geht-2023-an-den-start\/start-edih\/\" \/><\/div>\n\t\t<\/figure>\n\t<\/div>\n<\/div><\/div><\/div><\/div><div class=\"vc_row wpb_row vc_row-fluid\"><div class=\"wpb_column vc_column_container vc_col-sm-12\"><div class=\"vc_column-inner\"><div class=\"wpb_wrapper\">\n\t<div class=\"wpb_text_column wpb_content_element\" >\n\t\t<div class=\"wpb_wrapper\">\n\t\t\t<p aria-level=\"2\"><strong>guichet unique pour l\u2019IA \u00abindustrielle\u00bb en Sarre\u00a0<\/strong><\/p>\n<p><span data-contrast=\"auto\">Le projet EDIH Saarland, financ\u00e9 par l'Union europ\u00e9enne, dans lequel le Zentrum f\u00fcr Mechatronik und Automationstechnik ZeMA gGmbH dirige le consortium, <\/span><span data-contrast=\"auto\">L'objectif est de devenir au cours des trois prochaines ann\u00e9es le point de contact europ\u00e9en pour la transformation num\u00e9rique et l'intelligence artificielle en Sarre, avec un rayonnement dans la Grande R\u00e9gion et en Europe. L\u2019objectif \u00e0 long terme est de cr\u00e9er un \u00abn\u0153ud\u00bb pour la num\u00e9risation et l\u2019application de l\u2019intelligence artificielle (IA) aux entreprises. L'objectif est de fournir une expertise d\u00e9terminante pour le transfert pratique de l'IA industrielle en Sarre, dans la Grande R\u00e9gion (Sarre-Lor-Lux) et en Europe.<\/span><span data-ccp-props=\"{&quot;335551550&quot;:6,&quot;335551620&quot;:6}\">\u00a0<\/span><\/p>\n<p><span data-contrast=\"auto\">Le minist\u00e8re de l'\u00c9conomie, de l'Innovation, du Num\u00e9rique et de l'\u00c9nergie de la Sarre (MWIDE) promeut ce positionnement europ\u00e9en en Sarre. Le ministre de l\u2019\u00e9conomie, J\u00fcrgen Barke, estime qu\u2019il est urgent \u00abde saisir les opportunit\u00e9s offertes par la num\u00e9risation et de continuer \u00e0 accompagner de mani\u00e8re intensive l\u2019\u00e9volution vers l\u2019industrie 4.0\u00bb. \u00c0 cet \u00e9gard, le European Digital Innovation Hub (EDIH) Saarland \u00abpromouvoir efficacement la transformation num\u00e9rique de l\u2019\u00e9conomie sarroise au sein d\u2019un r\u00e9seau europ\u00e9en\u00bb.<\/span><span data-ccp-props=\"{&quot;335551550&quot;:6,&quot;335551620&quot;:6}\">\u00a0<\/span><\/p>\n<p>&nbsp;<\/p>\n<p aria-level=\"2\"><strong>Partenaires et expertises dans l'EDIH Saarland\u00a0<\/strong><\/p>\n<p><span class=\"TextRun SCXW185613015 BCX9\" lang=\"DE-DE\" xml:lang=\"DE-DE\" data-contrast=\"auto\"><span class=\"NormalTextRun SCXW185613015 BCX9\">Le<\/span> <span class=\"NormalTextRun SCXW185613015 BCX9\">EDIH Saarland <\/span><span class=\"NormalTextRun SCXW185613015 BCX9\">regroupe l'excellence en mati\u00e8re de transfert, de recherche et d'innovation et se compose de cinq partenaires du projet: <\/span><span class=\"NormalTextRun SCXW185613015 BCX9\">Le Centre de M\u00e9catronique et d'Automatisation <\/span><span class=\"NormalTextRun SCXW185613015 BCX9\">gGmbH <\/span><span class=\"NormalTextRun SCXW185613015 BCX9\">(<\/span><span class=\"NormalTextRun SpellingErrorV2Themed SCXW185613015 BCX9\">ZeMA<\/span><span class=\"NormalTextRun SCXW185613015 BCX9\">, <\/span><span class=\"NormalTextRun SCXW185613015 BCX9\">Prof.<\/span><span class=\"NormalTextRun SCXW185613015 BCX9\"> Dr.-Ing.<\/span><span class=\"NormalTextRun SCXW185613015 BCX9\"> Rainer M\u00fcller, <\/span><span class=\"NormalTextRun SCXW185613015 BCX9\">Consortium<\/span><span class=\"NormalTextRun SCXW185613015 BCX9\">direction<\/span><span class=\"NormalTextRun SCXW185613015 BCX9\">), <\/span><span class=\"NormalTextRun SCXW185613015 BCX9\">Institut August-Wilhelm Scheer pour les produits et processus num\u00e9riques <\/span><span class=\"NormalTextRun SCXW185613015 BCX9\">gGmbH <\/span><span class=\"NormalTextRun SCXW185613015 BCX9\">(<\/span><span class=\"NormalTextRun SpellingErrorV2Themed SCXW185613015 BCX9\">AWSi<\/span><span class=\"NormalTextRun SCXW185613015 BCX9\">), <\/span><span class=\"NormalTextRun SCXW185613015 BCX9\">Centre de recherche allemand pour l'intelligence artificielle GmbH (DFKI), East Side Fab e.V. (ESF) <\/span><span class=\"NormalTextRun SCXW185613015 BCX9\">ainsi que <\/span><span class=\"NormalTextRun SpellingErrorV2Themed SCXW185613015 BCX9\">saarland.innovation&amp;site<\/span><span class=\"NormalTextRun SCXW185613015 BCX9\"> e.V.<\/span> <span class=\"NormalTextRun SCXW185613015 BCX9\">(<\/span><span class=\"NormalTextRun SpellingErrorV2Themed SCXW185613015 BCX9\">saaris<\/span><span class=\"NormalTextRun SCXW185613015 BCX9\">)<\/span><span class=\"NormalTextRun SCXW185613015 BCX9\">.<\/span><span class=\"NormalTextRun SCXW185613015 BCX9\"> Tous les partenaires mettent leur expertise et leur infrastructure \u00e0 disposition pour acc\u00e9l\u00e9rer la transformation num\u00e9rique et l'innovation dans la r\u00e9gion et faire entrer la Sarre dans la r\u00e9gion. <\/span><span class=\"NormalTextRun SCXW185613015 BCX9\">naissante <\/span><span class=\"NormalTextRun SCXW185613015 BCX9\">Innovation europ\u00e9enne <\/span><span class=\"NormalTextRun SpellingErrorV2Themed SCXW185613015 BCX9\">Ecosystem<\/span><span class=\"NormalTextRun SCXW185613015 BCX9\"> Int\u00e9grer.<\/span><\/span><span class=\"EOP SCXW185613015 BCX9\" data-ccp-props=\"{&quot;335551550&quot;:6,&quot;335551620&quot;:6}\">\u00a0<\/span><\/p>\n<p>&nbsp;<\/p>\n<p aria-level=\"2\"><strong>Encouragement\u00a0<\/strong><\/p>\n<p><span class=\"TextRun SCXW150089775 BCX9\" lang=\"DE-DE\" xml:lang=\"DE-DE\" data-contrast=\"auto\"><span class=\"NormalTextRun SCXW150089775 BCX9\">Le European Digital Innovation Hub (EDIH) Saarland<\/span><span class=\"NormalTextRun SCXW150089775 BCX9\"> est financ\u00e9 par l\u2019Union europ\u00e9enne dans le cadre du programme pour une Europe num\u00e9rique en cours et par le minist\u00e8re de l\u2019\u00e9conomie, de l\u2019innovation, du num\u00e9rique et de l\u2019\u00e9nergie;<\/span> <span class=\"NormalTextRun SCXW150089775 BCX9\">(MWIDE) <\/span><span class=\"NormalTextRun SCXW150089775 BCX9\">soutien de la Sarre<\/span><span class=\"NormalTextRun SCXW150089775 BCX9\">. Le projet: <\/span><span class=\"NormalTextRun SCXW150089775 BCX9\">a une <\/span><span class=\"NormalTextRun SCXW150089775 BCX9\">Total des vo<\/span><span class=\"NormalTextRun SCXW150089775 BCX9\">lumens de 5,<\/span><span class=\"NormalTextRun SCXW150089775 BCX9\">1<\/span><span class=\"NormalTextRun SCXW150089775 BCX9\"> millions d'euros. <\/span><\/span><span class=\"EOP SCXW150089775 BCX9\" data-ccp-props=\"{}\">\u00a0<\/span><\/p>\n<p><span data-ccp-props=\"{}\">\u00a0<\/span><\/p>\n<p><span data-contrast=\"auto\">Contact : Attique Bashir; ZeMA gGmbH<\/span><\/p>\n<p><span data-contrast=\"auto\">Courrier \u00e9lectronique: a.bashir@zema.de<\/span><span data-ccp-props=\"{&quot;335551550&quot;:6,&quot;335551620&quot;:6}\">\u00a0<\/span><\/p>\n<p><span data-contrast=\"auto\">T\u00e9l. : +49 681 85787 580<\/span><span data-ccp-props=\"{&quot;335551550&quot;:6,&quot;335551620&quot;:6}\">\u00a0<\/span><\/p>\n\n\t\t<\/div>\n\t<\/div>\n<\/div><\/div><\/div><\/div>\n<\/div>","protected":false},"excerpt":{"rendered":"<p>Le European Digital Innovation Hub (EDIH) de la Sarre d\u00e9butera d\u00e9but janvier 2023. L'EDIH Saarland propose en particulier aux petites et moyennes entreprises (PME) r\u00e9gionales ainsi qu'\u00e0 l'administration publique une offre compl\u00e8te ax\u00e9e sur la num\u00e9risation, l'intelligence artificielle et les futures technologies cl\u00e9s g\u00e9n\u00e9riques.\u00a0\u00a0 \u00a0 Offres pour le digital...<\/p>","protected":false},"author":14,"featured_media":17890,"comment_status":"closed","ping_status":"closed","sticky":false,"template":"","format":"standard","meta":{"footnotes":""},"categories":[41],"tags":[],"class_list":["post-17888","post","type-post","status-publish","format-standard","has-post-thumbnail","hentry","category-zema-news","category-41","description-off"],"yoast_head":"<!-- This site is optimized with the Yoast SEO plugin v27.5 - https:\/\/yoast.com\/product\/yoast-seo-wordpress\/ -->\n<title>Saarl\u00e4ndischer European Digital Innovation Hub geht 2023 an den Start - fl.zema.de<\/title>\n<meta name=\"robots\" content=\"index, follow, max-snippet:-1, max-image-preview:large, max-video-preview:-1\" \/>\n<link rel=\"canonical\" href=\"https:\/\/zema.de\/fr\/2022\/12\/15\/saarlaendischer-european-digital-innovation-hub-geht-2023-an-den-start\/\" \/>\n<meta property=\"og:locale\" content=\"fr_FR\" \/>\n<meta property=\"og:type\" content=\"article\" \/>\n<meta property=\"og:title\" content=\"Saarl\u00e4ndischer European Digital Innovation Hub geht 2023 an den Start - fl.zema.de\" \/>\n<meta property=\"og:url\" content=\"https:\/\/zema.de\/fr\/2022\/12\/15\/saarlaendischer-european-digital-innovation-hub-geht-2023-an-den-start\/\" \/>\n<meta property=\"og:site_name\" content=\"fl.zema.de\" \/>\n<meta property=\"article:published_time\" content=\"2022-12-15T11:05:14+00:00\" \/>\n<meta property=\"article:modified_time\" content=\"2022-12-15T13:53:46+00:00\" \/>\n<meta property=\"og:image\" content=\"https:\/\/zema.de\/wp-content\/uploads\/2022\/12\/Start-EDIH.png\" \/>\n\t<meta property=\"og:image:width\" content=\"2000\" \/>\n\t<meta property=\"og:image:height\" content=\"1334\" \/>\n\t<meta property=\"og:image:type\" content=\"image\/png\" \/>\n<meta name=\"author\" content=\"IT-ZeMA\" \/>\n<meta name=\"twitter:card\" content=\"summary_large_image\" \/>\n<meta name=\"twitter:label1\" content=\"\u00c9crit par\" \/>\n\t<meta name=\"twitter:data1\" content=\"IT-ZeMA\" \/>\n\t<meta name=\"twitter:label2\" content=\"Dur\u00e9e de lecture estim\u00e9e\" \/>\n\t<meta name=\"twitter:data2\" content=\"3 minutes\" \/>\n<script type=\"application\/ld+json\" class=\"yoast-schema-graph\">{\"@context\":\"https:\\\/\\\/schema.org\",\"@graph\":[{\"@type\":\"Article\",\"@id\":\"https:\\\/\\\/zema.de\\\/2022\\\/12\\\/15\\\/saarlaendischer-european-digital-innovation-hub-geht-2023-an-den-start\\\/#article\",\"isPartOf\":{\"@id\":\"https:\\\/\\\/zema.de\\\/2022\\\/12\\\/15\\\/saarlaendischer-european-digital-innovation-hub-geht-2023-an-den-start\\\/\"},\"author\":{\"name\":\"IT-ZeMA\",\"@id\":\"https:\\\/\\\/zema.de\\\/#\\\/schema\\\/person\\\/743c711cb531e79bf1ec7d48d4f96b18\"},\"headline\":\"Saarl\u00e4ndischer European Digital Innovation Hub geht 2023 an den Start\",\"datePublished\":\"2022-12-15T11:05:14+00:00\",\"dateModified\":\"2022-12-15T13:53:46+00:00\",\"mainEntityOfPage\":{\"@id\":\"https:\\\/\\\/zema.de\\\/2022\\\/12\\\/15\\\/saarlaendischer-european-digital-innovation-hub-geht-2023-an-den-start\\\/\"},\"wordCount\":573,\"image\":{\"@id\":\"https:\\\/\\\/zema.de\\\/2022\\\/12\\\/15\\\/saarlaendischer-european-digital-innovation-hub-geht-2023-an-den-start\\\/#primaryimage\"},\"thumbnailUrl\":\"https:\\\/\\\/zema.de\\\/wp-content\\\/uploads\\\/2022\\\/12\\\/Start-EDIH.png\",\"articleSection\":[\"ZeMA News\"],\"inLanguage\":\"fr-FR\"},{\"@type\":\"WebPage\",\"@id\":\"https:\\\/\\\/zema.de\\\/2022\\\/12\\\/15\\\/saarlaendischer-european-digital-innovation-hub-geht-2023-an-den-start\\\/\",\"url\":\"https:\\\/\\\/zema.de\\\/2022\\\/12\\\/15\\\/saarlaendischer-european-digital-innovation-hub-geht-2023-an-den-start\\\/\",\"name\":\"Saarl\u00e4ndischer European Digital Innovation Hub geht 2023 an den Start - fl.zema.de\",\"isPartOf\":{\"@id\":\"https:\\\/\\\/zema.de\\\/#website\"},\"primaryImageOfPage\":{\"@id\":\"https:\\\/\\\/zema.de\\\/2022\\\/12\\\/15\\\/saarlaendischer-european-digital-innovation-hub-geht-2023-an-den-start\\\/#primaryimage\"},\"image\":{\"@id\":\"https:\\\/\\\/zema.de\\\/2022\\\/12\\\/15\\\/saarlaendischer-european-digital-innovation-hub-geht-2023-an-den-start\\\/#primaryimage\"},\"thumbnailUrl\":\"https:\\\/\\\/zema.de\\\/wp-content\\\/uploads\\\/2022\\\/12\\\/Start-EDIH.png\",\"datePublished\":\"2022-12-15T11:05:14+00:00\",\"dateModified\":\"2022-12-15T13:53:46+00:00\",\"author\":{\"@id\":\"https:\\\/\\\/zema.de\\\/#\\\/schema\\\/person\\\/743c711cb531e79bf1ec7d48d4f96b18\"},\"breadcrumb\":{\"@id\":\"https:\\\/\\\/zema.de\\\/2022\\\/12\\\/15\\\/saarlaendischer-european-digital-innovation-hub-geht-2023-an-den-start\\\/#breadcrumb\"},\"inLanguage\":\"fr-FR\",\"potentialAction\":[{\"@type\":\"ReadAction\",\"target\":[\"https:\\\/\\\/zema.de\\\/2022\\\/12\\\/15\\\/saarlaendischer-european-digital-innovation-hub-geht-2023-an-den-start\\\/\"]}]},{\"@type\":\"ImageObject\",\"inLanguage\":\"fr-FR\",\"@id\":\"https:\\\/\\\/zema.de\\\/2022\\\/12\\\/15\\\/saarlaendischer-european-digital-innovation-hub-geht-2023-an-den-start\\\/#primaryimage\",\"url\":\"https:\\\/\\\/zema.de\\\/wp-content\\\/uploads\\\/2022\\\/12\\\/Start-EDIH.png\",\"contentUrl\":\"https:\\\/\\\/zema.de\\\/wp-content\\\/uploads\\\/2022\\\/12\\\/Start-EDIH.png\",\"width\":2000,\"height\":1334},{\"@type\":\"BreadcrumbList\",\"@id\":\"https:\\\/\\\/zema.de\\\/2022\\\/12\\\/15\\\/saarlaendischer-european-digital-innovation-hub-geht-2023-an-den-start\\\/#breadcrumb\",\"itemListElement\":[{\"@type\":\"ListItem\",\"position\":1,\"name\":\"Startseite\",\"item\":\"https:\\\/\\\/zema.de\\\/\"},{\"@type\":\"ListItem\",\"position\":2,\"name\":\"Saarl\u00e4ndischer European Digital Innovation Hub geht 2023 an den Start\"}]},{\"@type\":\"WebSite\",\"@id\":\"https:\\\/\\\/zema.de\\\/#website\",\"url\":\"https:\\\/\\\/zema.de\\\/\",\"name\":\"fl.zema.de\",\"description\":\"Zentrum f\u00fcr Mechatronik und Automatisierungstechnik\",\"potentialAction\":[{\"@type\":\"SearchAction\",\"target\":{\"@type\":\"EntryPoint\",\"urlTemplate\":\"https:\\\/\\\/zema.de\\\/?s={search_term_string}\"},\"query-input\":{\"@type\":\"PropertyValueSpecification\",\"valueRequired\":true,\"valueName\":\"search_term_string\"}}],\"inLanguage\":\"fr-FR\"},{\"@type\":\"Person\",\"@id\":\"https:\\\/\\\/zema.de\\\/#\\\/schema\\\/person\\\/743c711cb531e79bf1ec7d48d4f96b18\",\"name\":\"IT-ZeMA\",\"image\":{\"@type\":\"ImageObject\",\"inLanguage\":\"fr-FR\",\"@id\":\"https:\\\/\\\/secure.gravatar.com\\\/avatar\\\/b92e5aca282b716247a6f11b1a8fa87d4763f15250134c334adc49a03e4e282a?s=96&d=mm&r=g\",\"url\":\"https:\\\/\\\/secure.gravatar.com\\\/avatar\\\/b92e5aca282b716247a6f11b1a8fa87d4763f15250134c334adc49a03e4e282a?s=96&d=mm&r=g\",\"contentUrl\":\"https:\\\/\\\/secure.gravatar.com\\\/avatar\\\/b92e5aca282b716247a6f11b1a8fa87d4763f15250134c334adc49a03e4e282a?s=96&d=mm&r=g\",\"caption\":\"IT-ZeMA\"},\"url\":\"https:\\\/\\\/zema.de\\\/fr\\\/author\\\/it-zema\\\/\"}]}<\/script>\n<!-- \/ Yoast SEO plugin. -->","yoast_head_json":{"title":"Saarl\u00e4ndischer European Digital Innovation Hub geht 2023 an den Start - fl.zema.de","robots":{"index":"index","follow":"follow","max-snippet":"max-snippet:-1","max-image-preview":"max-image-preview:large","max-video-preview":"max-video-preview:-1"},"canonical":"https:\/\/zema.de\/fr\/2022\/12\/15\/saarlaendischer-european-digital-innovation-hub-geht-2023-an-den-start\/","og_locale":"fr_FR","og_type":"article","og_title":"Saarl\u00e4ndischer European Digital Innovation Hub geht 2023 an den Start - fl.zema.de","og_url":"https:\/\/zema.de\/fr\/2022\/12\/15\/saarlaendischer-european-digital-innovation-hub-geht-2023-an-den-start\/","og_site_name":"fl.zema.de","article_published_time":"2022-12-15T11:05:14+00:00","article_modified_time":"2022-12-15T13:53:46+00:00","og_image":[{"width":2000,"height":1334,"url":"https:\/\/zema.de\/wp-content\/uploads\/2022\/12\/Start-EDIH.png","type":"image\/png"}],"author":"IT-ZeMA","twitter_card":"summary_large_image","twitter_misc":{"\u00c9crit par":"IT-ZeMA","Dur\u00e9e de lecture estim\u00e9e":"3 minutes"},"schema":{"@context":"https:\/\/schema.org","@graph":[{"@type":"Article","@id":"https:\/\/zema.de\/2022\/12\/15\/saarlaendischer-european-digital-innovation-hub-geht-2023-an-den-start\/#article","isPartOf":{"@id":"https:\/\/zema.de\/2022\/12\/15\/saarlaendischer-european-digital-innovation-hub-geht-2023-an-den-start\/"},"author":{"name":"IT-ZeMA","@id":"https:\/\/zema.de\/#\/schema\/person\/743c711cb531e79bf1ec7d48d4f96b18"},"headline":"Saarl\u00e4ndischer European Digital Innovation Hub geht 2023 an den Start","datePublished":"2022-12-15T11:05:14+00:00","dateModified":"2022-12-15T13:53:46+00:00","mainEntityOfPage":{"@id":"https:\/\/zema.de\/2022\/12\/15\/saarlaendischer-european-digital-innovation-hub-geht-2023-an-den-start\/"},"wordCount":573,"image":{"@id":"https:\/\/zema.de\/2022\/12\/15\/saarlaendischer-european-digital-innovation-hub-geht-2023-an-den-start\/#primaryimage"},"thumbnailUrl":"https:\/\/zema.de\/wp-content\/uploads\/2022\/12\/Start-EDIH.png","articleSection":["ZeMA News"],"inLanguage":"fr-FR"},{"@type":"WebPage","@id":"https:\/\/zema.de\/2022\/12\/15\/saarlaendischer-european-digital-innovation-hub-geht-2023-an-den-start\/","url":"https:\/\/zema.de\/2022\/12\/15\/saarlaendischer-european-digital-innovation-hub-geht-2023-an-den-start\/","name":"Saarl\u00e4ndischer European Digital Innovation Hub geht 2023 an den Start - fl.zema.de","isPartOf":{"@id":"https:\/\/zema.de\/#website"},"primaryImageOfPage":{"@id":"https:\/\/zema.de\/2022\/12\/15\/saarlaendischer-european-digital-innovation-hub-geht-2023-an-den-start\/#primaryimage"},"image":{"@id":"https:\/\/zema.de\/2022\/12\/15\/saarlaendischer-european-digital-innovation-hub-geht-2023-an-den-start\/#primaryimage"},"thumbnailUrl":"https:\/\/zema.de\/wp-content\/uploads\/2022\/12\/Start-EDIH.png","datePublished":"2022-12-15T11:05:14+00:00","dateModified":"2022-12-15T13:53:46+00:00","author":{"@id":"https:\/\/zema.de\/#\/schema\/person\/743c711cb531e79bf1ec7d48d4f96b18"},"breadcrumb":{"@id":"https:\/\/zema.de\/2022\/12\/15\/saarlaendischer-european-digital-innovation-hub-geht-2023-an-den-start\/#breadcrumb"},"inLanguage":"fr-FR","potentialAction":[{"@type":"ReadAction","target":["https:\/\/zema.de\/2022\/12\/15\/saarlaendischer-european-digital-innovation-hub-geht-2023-an-den-start\/"]}]},{"@type":"ImageObject","inLanguage":"fr-FR","@id":"https:\/\/zema.de\/2022\/12\/15\/saarlaendischer-european-digital-innovation-hub-geht-2023-an-den-start\/#primaryimage","url":"https:\/\/zema.de\/wp-content\/uploads\/2022\/12\/Start-EDIH.png","contentUrl":"https:\/\/zema.de\/wp-content\/uploads\/2022\/12\/Start-EDIH.png","width":2000,"height":1334},{"@type":"BreadcrumbList","@id":"https:\/\/zema.de\/2022\/12\/15\/saarlaendischer-european-digital-innovation-hub-geht-2023-an-den-start\/#breadcrumb","itemListElement":[{"@type":"ListItem","position":1,"name":"Startseite","item":"https:\/\/zema.de\/"},{"@type":"ListItem","position":2,"name":"Saarl\u00e4ndischer European Digital Innovation Hub geht 2023 an den Start"}]},{"@type":"WebSite","@id":"https:\/\/zema.de\/#website","url":"https:\/\/zema.de\/","name":"fl.zema.de","description":"Zentrum f\u00fcr Mechatronik und Automatisierungstechnik","potentialAction":[{"@type":"SearchAction","target":{"@type":"EntryPoint","urlTemplate":"https:\/\/zema.de\/?s={search_term_string}"},"query-input":{"@type":"PropertyValueSpecification","valueRequired":true,"valueName":"search_term_string"}}],"inLanguage":"fr-FR"},{"@type":"Person","@id":"https:\/\/zema.de\/#\/schema\/person\/743c711cb531e79bf1ec7d48d4f96b18","name":"IT-ZeMA","image":{"@type":"ImageObject","inLanguage":"fr-FR","@id":"https:\/\/secure.gravatar.com\/avatar\/b92e5aca282b716247a6f11b1a8fa87d4763f15250134c334adc49a03e4e282a?s=96&d=mm&r=g","url":"https:\/\/secure.gravatar.com\/avatar\/b92e5aca282b716247a6f11b1a8fa87d4763f15250134c334adc49a03e4e282a?s=96&d=mm&r=g","contentUrl":"https:\/\/secure.gravatar.com\/avatar\/b92e5aca282b716247a6f11b1a8fa87d4763f15250134c334adc49a03e4e282a?s=96&d=mm&r=g","caption":"IT-ZeMA"},"url":"https:\/\/zema.de\/fr\/author\/it-zema\/"}]}},"_links":{"self":[{"href":"https:\/\/zema.de\/fr\/wp-json\/wp\/v2\/posts\/17888","targetHints":{"allow":["GET"]}}],"collection":[{"href":"https:\/\/zema.de\/fr\/wp-json\/wp\/v2\/posts"}],"about":[{"href":"https:\/\/zema.de\/fr\/wp-json\/wp\/v2\/types\/post"}],"author":[{"embeddable":true,"href":"https:\/\/zema.de\/fr\/wp-json\/wp\/v2\/users\/14"}],"replies":[{"embeddable":true,"href":"https:\/\/zema.de\/fr\/wp-json\/wp\/v2\/comments?post=17888"}],"version-history":[{"count":11,"href":"https:\/\/zema.de\/fr\/wp-json\/wp\/v2\/posts\/17888\/revisions"}],"predecessor-version":[{"id":17894,"href":"https:\/\/zema.de\/fr\/wp-json\/wp\/v2\/posts\/17888\/revisions\/17894"}],"wp:featuredmedia":[{"embeddable":true,"href":"https:\/\/zema.de\/fr\/wp-json\/wp\/v2\/media\/17890"}],"wp:attachment":[{"href":"https:\/\/zema.de\/fr\/wp-json\/wp\/v2\/media?parent=17888"}],"wp:term":[{"taxonomy":"category","embeddable":true,"href":"https:\/\/zema.de\/fr\/wp-json\/wp\/v2\/categories?post=17888"},{"taxonomy":"post_tag","embeddable":true,"href":"https:\/\/zema.de\/fr\/wp-json\/wp\/v2\/tags?post=17888"}],"curies":[{"name":"wp","href":"https:\/\/api.w.org\/{rel}","templated":true}]}}