{"id":17975,"date":"2023-02-22T09:18:23","date_gmt":"2023-02-22T08:18:23","guid":{"rendered":"https:\/\/zema.de\/?p=17975"},"modified":"2023-03-20T13:37:28","modified_gmt":"2023-03-20T12:37:28","slug":"erfolgreich-digitalisieren-im-mittelstand-digitalforum-saar-2023-hat-gezeigt-wie-es-geht","status":"publish","type":"post","link":"https:\/\/zema.de\/fr\/2023\/02\/22\/erfolgreich-digitalisieren-im-mittelstand-digitalforum-saar-2023-hat-gezeigt-wie-es-geht\/","title":{"rendered":"Digitaliser avec succ\u00e8s les PME: Digitalforum Saar 2023 a montr\u00e9 comment le faire"},"content":{"rendered":"<div class=\"wpb-content-wrapper\"><div class=\"vc_row wpb_row vc_row-fluid vc_custom_1652774372624\"><div class=\"wpb_column vc_column_container vc_col-sm-6\"><div class=\"vc_column-inner\"><div class=\"wpb_wrapper\">\n\t<div class=\"wpb_text_column wpb_content_element\" >\n\t\t<div class=\"wpb_wrapper\">\n\t\t\t<h1><strong>Digitaliser avec succ\u00e8s les PME: Digitalforum Saar 2023 a montr\u00e9 comment le faire<\/strong><\/h1>\n<p>Pleine maison au Digitalforum Saar 2023. Avec environ 130 participants, l'\u00e9v\u00e9nement a \u00e9t\u00e9 complet vendredi dernier et a donc \u00e9t\u00e9 un succ\u00e8s complet pour le centre num\u00e9rique des PME de Sarrebruck.<\/p>\n<p>Le Forum num\u00e9rique, qui s'est tenu le 10 f\u00e9vrier \u00e0 ZeMA, a offert aux PME une occasion unique de s'informer sur les derni\u00e8res tendances et pratiques r\u00e9ussies dans le domaine de la num\u00e9risation. L'objectif du Digitalforum Saar \u00e9tait de soutenir les petites et moyennes entreprises dans leur transformation num\u00e9rique et d'assurer ainsi leur p\u00e9rennit\u00e9. \u00abLe paysage des entreprises dans la r\u00e9gion de la Sarre est fortement touch\u00e9 par les changements structurels, en particulier dans le domaine de l\u2019automobile et de l\u2019industrie de la sous-traitance. La transformation num\u00e9rique offre aux entreprises la possibilit\u00e9 d'optimiser leurs processus et de d\u00e9velopper de nouveaux mod\u00e8les commerciaux p\u00e9rennes. Gr\u00e2ce au soutien du minist\u00e8re f\u00e9d\u00e9ral de l\u2019\u00e9conomie et de la protection du climat, le centre num\u00e9rique des PME de Sarrebruck peut soutenir les petites et moyennes entreprises dans leur processus de transformation\u00bb, a d\u00e9clar\u00e9 Anna Christmann, d\u00e9l\u00e9gu\u00e9e du minist\u00e8re f\u00e9d\u00e9ral de l\u2019\u00e9conomie et de la protection du climat \u00e0 l\u2019\u00e9conomie num\u00e9rique et aux start-up.<\/p>\n<p>&nbsp;<\/p>\n<p>Le programme inspirant comprenait des conf\u00e9rences sur les tendances actuelles de la num\u00e9risation dans les PME, une success story impressionnante tir\u00e9e de la pratique et des quiz interactifs sur le th\u00e8me de la num\u00e9risation. En outre, une place de march\u00e9 avec des exposants offrait une excellente occasion d'\u00e9change et de r\u00e9seautage. La session Pecha-Kucha consacr\u00e9e \u00e0 l\u2019innovation et \u00e0 la production, ainsi qu\u2019au d\u00e9veloppement \u00e0 faible intensit\u00e9 de code, a constitu\u00e9 un moment fort. Les participants ont pu s'informer \u00e0 des tables th\u00e9matiques sur diff\u00e9rents th\u00e8mes prioritaires du centre num\u00e9rique des PME de Sarrebruck, notamment la num\u00e9risation des bureaux, le montage \u00e9volutif, les capteurs intelligents, l'\u00e9nergie et les ressources, l'intelligence artificielle, la culture d'entreprise et la s\u00e9curit\u00e9 informatique.<\/p>\n<p>\u00abLe Digitalforum Saar 2023 a \u00e9t\u00e9 un grand succ\u00e8s et a d\u00e9montr\u00e9 l\u2019importance de la num\u00e9risation pour les PME. De nombreuses entreprises savent d\u00e9j\u00e0 qu\u2019elles doivent \u00e9laborer des strat\u00e9gies de num\u00e9risation pour faire progresser la transformation num\u00e9rique. Nous les soutenons \u00e0 cet \u00e9gard et renfor\u00e7ons la comp\u00e9titivit\u00e9 et la capacit\u00e9 d\u2019innovation des entreprises gr\u00e2ce \u00e0 nos offres et donnons des impulsions \u00e0 de nouveaux secteurs d\u2019activit\u00e9 et mod\u00e8les commerciaux\u00bb, a d\u00e9clar\u00e9 Anne Blum, directrice du centre de Sarrebruck.<\/p>\n<p><strong>\u00a0<\/strong><\/p>\n<p>Vous trouverez plus d'informations sur le Mittelstand-Digital Zentrum Saarbr\u00fccken <a href=\"https:\/\/digitalzentrum-saarbruecken.de\/\">ici<\/a>.<\/p>\n\n\t\t<\/div>\n\t<\/div>\n<\/div><\/div><\/div><div class=\"wpb_column vc_column_container vc_col-sm-6\"><div class=\"vc_column-inner\"><div class=\"wpb_wrapper\">\n\t<div  class=\"wpb_single_image wpb_content_element vc_align_left  vc_custom_1679315838491\">\n\t\t\n\t\t<figure class=\"wpb_wrapper vc_figure\">\n\t\t\t<div class=\"vc_single_image-wrapper   vc_box_border_grey\"><img loading=\"lazy\" decoding=\"async\" width=\"1030\" height=\"686\" src=\"https:\/\/zema.de\/wp-content\/uploads\/2023\/01\/Regionalkonferenz-1030x686-1.jpg\" class=\"vc_single_image-img attachment-full\" alt=\"\" title=\"Conf\u00e9rence r\u00e9gionale-1030x686\" srcset=\"https:\/\/zema.de\/wp-content\/uploads\/2023\/01\/Regionalkonferenz-1030x686-1.jpg 1030w, https:\/\/zema.de\/wp-content\/uploads\/2023\/01\/Regionalkonferenz-1030x686-1-300x200.jpg 300w, https:\/\/zema.de\/wp-content\/uploads\/2023\/01\/Regionalkonferenz-1030x686-1-1024x682.jpg 1024w, https:\/\/zema.de\/wp-content\/uploads\/2023\/01\/Regionalkonferenz-1030x686-1-768x512.jpg 768w\" sizes=\"auto, (max-width: 1030px) 100vw, 1030px\"  data-dt-location=\"https:\/\/zema.de\/fr\/2023\/01\/11\/digitalforum-saar-2023\/regionalkonferenz-1030x686\/\" \/><\/div>\n\t\t<\/figure>\n\t<\/div>\n<\/div><\/div><\/div><\/div>\n<\/div>","protected":false},"excerpt":{"rendered":"<p>Digitaliser avec succ\u00e8s les PME: Digitalforum Saar 2023 a montr\u00e9 comment fonctionne Volles Haus lors du Digitalforum Saar 2023. Avec environ 130 participants, l'\u00e9v\u00e9nement a \u00e9t\u00e9 complet vendredi dernier et a donc \u00e9t\u00e9 un succ\u00e8s complet pour le centre num\u00e9rique des PME de Sarrebruck. Le forum num\u00e9rique, qui s'est tenu le 10 f\u00e9vrier \u00e0 ZeMA, a offert aux entreprises de taille moyenne une occasion unique de se...<\/p>","protected":false},"author":14,"featured_media":17931,"comment_status":"closed","ping_status":"closed","sticky":false,"template":"","format":"standard","meta":{"footnotes":""},"categories":[41],"tags":[],"class_list":["post-17975","post","type-post","status-publish","format-standard","has-post-thumbnail","hentry","category-zema-news","category-41","description-off"],"yoast_head":"<!-- This site is optimized with the Yoast SEO plugin v27.4 - https:\/\/yoast.com\/product\/yoast-seo-wordpress\/ -->\n<title>Erfolgreich digitalisieren im Mittelstand: Digitalforum Saar 2023 hat gezeigt, wie es geht - fl.zema.de<\/title>\n<meta name=\"robots\" content=\"index, follow, max-snippet:-1, max-image-preview:large, max-video-preview:-1\" \/>\n<link rel=\"canonical\" href=\"https:\/\/zema.de\/fr\/2023\/02\/22\/erfolgreich-digitalisieren-im-mittelstand-digitalforum-saar-2023-hat-gezeigt-wie-es-geht\/\" \/>\n<meta property=\"og:locale\" content=\"fr_FR\" \/>\n<meta property=\"og:type\" content=\"article\" \/>\n<meta property=\"og:title\" content=\"Erfolgreich digitalisieren im Mittelstand: Digitalforum Saar 2023 hat gezeigt, wie es geht - fl.zema.de\" \/>\n<meta property=\"og:url\" content=\"https:\/\/zema.de\/fr\/2023\/02\/22\/erfolgreich-digitalisieren-im-mittelstand-digitalforum-saar-2023-hat-gezeigt-wie-es-geht\/\" \/>\n<meta property=\"og:site_name\" content=\"fl.zema.de\" \/>\n<meta property=\"article:published_time\" content=\"2023-02-22T08:18:23+00:00\" \/>\n<meta property=\"article:modified_time\" content=\"2023-03-20T12:37:28+00:00\" \/>\n<meta property=\"og:image\" content=\"https:\/\/zema.de\/wp-content\/uploads\/2023\/01\/Regionalkonferenz-1030x686-1.jpg\" \/>\n\t<meta property=\"og:image:width\" content=\"1030\" \/>\n\t<meta property=\"og:image:height\" content=\"686\" \/>\n\t<meta property=\"og:image:type\" content=\"image\/jpeg\" \/>\n<meta name=\"author\" content=\"IT-ZeMA\" \/>\n<meta name=\"twitter:card\" content=\"summary_large_image\" \/>\n<meta name=\"twitter:label1\" content=\"\u00c9crit par\" \/>\n\t<meta name=\"twitter:data1\" content=\"IT-ZeMA\" \/>\n\t<meta name=\"twitter:label2\" content=\"Dur\u00e9e de lecture estim\u00e9e\" \/>\n\t<meta name=\"twitter:data2\" content=\"2 minutes\" \/>\n<script type=\"application\/ld+json\" class=\"yoast-schema-graph\">{\"@context\":\"https:\\\/\\\/schema.org\",\"@graph\":[{\"@type\":\"Article\",\"@id\":\"https:\\\/\\\/zema.de\\\/2023\\\/02\\\/22\\\/erfolgreich-digitalisieren-im-mittelstand-digitalforum-saar-2023-hat-gezeigt-wie-es-geht\\\/#article\",\"isPartOf\":{\"@id\":\"https:\\\/\\\/zema.de\\\/2023\\\/02\\\/22\\\/erfolgreich-digitalisieren-im-mittelstand-digitalforum-saar-2023-hat-gezeigt-wie-es-geht\\\/\"},\"author\":{\"name\":\"IT-ZeMA\",\"@id\":\"https:\\\/\\\/zema.de\\\/#\\\/schema\\\/person\\\/743c711cb531e79bf1ec7d48d4f96b18\"},\"headline\":\"Erfolgreich digitalisieren im Mittelstand: Digitalforum Saar 2023 hat gezeigt, wie es geht\",\"datePublished\":\"2023-02-22T08:18:23+00:00\",\"dateModified\":\"2023-03-20T12:37:28+00:00\",\"mainEntityOfPage\":{\"@id\":\"https:\\\/\\\/zema.de\\\/2023\\\/02\\\/22\\\/erfolgreich-digitalisieren-im-mittelstand-digitalforum-saar-2023-hat-gezeigt-wie-es-geht\\\/\"},\"wordCount\":402,\"image\":{\"@id\":\"https:\\\/\\\/zema.de\\\/2023\\\/02\\\/22\\\/erfolgreich-digitalisieren-im-mittelstand-digitalforum-saar-2023-hat-gezeigt-wie-es-geht\\\/#primaryimage\"},\"thumbnailUrl\":\"https:\\\/\\\/zema.de\\\/wp-content\\\/uploads\\\/2023\\\/01\\\/Regionalkonferenz-1030x686-1.jpg\",\"articleSection\":[\"ZeMA News\"],\"inLanguage\":\"fr-FR\"},{\"@type\":\"WebPage\",\"@id\":\"https:\\\/\\\/zema.de\\\/2023\\\/02\\\/22\\\/erfolgreich-digitalisieren-im-mittelstand-digitalforum-saar-2023-hat-gezeigt-wie-es-geht\\\/\",\"url\":\"https:\\\/\\\/zema.de\\\/2023\\\/02\\\/22\\\/erfolgreich-digitalisieren-im-mittelstand-digitalforum-saar-2023-hat-gezeigt-wie-es-geht\\\/\",\"name\":\"Erfolgreich digitalisieren im Mittelstand: Digitalforum Saar 2023 hat gezeigt, wie es geht - fl.zema.de\",\"isPartOf\":{\"@id\":\"https:\\\/\\\/zema.de\\\/#website\"},\"primaryImageOfPage\":{\"@id\":\"https:\\\/\\\/zema.de\\\/2023\\\/02\\\/22\\\/erfolgreich-digitalisieren-im-mittelstand-digitalforum-saar-2023-hat-gezeigt-wie-es-geht\\\/#primaryimage\"},\"image\":{\"@id\":\"https:\\\/\\\/zema.de\\\/2023\\\/02\\\/22\\\/erfolgreich-digitalisieren-im-mittelstand-digitalforum-saar-2023-hat-gezeigt-wie-es-geht\\\/#primaryimage\"},\"thumbnailUrl\":\"https:\\\/\\\/zema.de\\\/wp-content\\\/uploads\\\/2023\\\/01\\\/Regionalkonferenz-1030x686-1.jpg\",\"datePublished\":\"2023-02-22T08:18:23+00:00\",\"dateModified\":\"2023-03-20T12:37:28+00:00\",\"author\":{\"@id\":\"https:\\\/\\\/zema.de\\\/#\\\/schema\\\/person\\\/743c711cb531e79bf1ec7d48d4f96b18\"},\"breadcrumb\":{\"@id\":\"https:\\\/\\\/zema.de\\\/2023\\\/02\\\/22\\\/erfolgreich-digitalisieren-im-mittelstand-digitalforum-saar-2023-hat-gezeigt-wie-es-geht\\\/#breadcrumb\"},\"inLanguage\":\"fr-FR\",\"potentialAction\":[{\"@type\":\"ReadAction\",\"target\":[\"https:\\\/\\\/zema.de\\\/2023\\\/02\\\/22\\\/erfolgreich-digitalisieren-im-mittelstand-digitalforum-saar-2023-hat-gezeigt-wie-es-geht\\\/\"]}]},{\"@type\":\"ImageObject\",\"inLanguage\":\"fr-FR\",\"@id\":\"https:\\\/\\\/zema.de\\\/2023\\\/02\\\/22\\\/erfolgreich-digitalisieren-im-mittelstand-digitalforum-saar-2023-hat-gezeigt-wie-es-geht\\\/#primaryimage\",\"url\":\"https:\\\/\\\/zema.de\\\/wp-content\\\/uploads\\\/2023\\\/01\\\/Regionalkonferenz-1030x686-1.jpg\",\"contentUrl\":\"https:\\\/\\\/zema.de\\\/wp-content\\\/uploads\\\/2023\\\/01\\\/Regionalkonferenz-1030x686-1.jpg\",\"width\":1030,\"height\":686},{\"@type\":\"BreadcrumbList\",\"@id\":\"https:\\\/\\\/zema.de\\\/2023\\\/02\\\/22\\\/erfolgreich-digitalisieren-im-mittelstand-digitalforum-saar-2023-hat-gezeigt-wie-es-geht\\\/#breadcrumb\",\"itemListElement\":[{\"@type\":\"ListItem\",\"position\":1,\"name\":\"Startseite\",\"item\":\"https:\\\/\\\/zema.de\\\/\"},{\"@type\":\"ListItem\",\"position\":2,\"name\":\"Erfolgreich digitalisieren im Mittelstand: Digitalforum Saar 2023 hat gezeigt, wie es geht\"}]},{\"@type\":\"WebSite\",\"@id\":\"https:\\\/\\\/zema.de\\\/#website\",\"url\":\"https:\\\/\\\/zema.de\\\/\",\"name\":\"fl.zema.de\",\"description\":\"Zentrum f\u00fcr Mechatronik und Automatisierungstechnik\",\"potentialAction\":[{\"@type\":\"SearchAction\",\"target\":{\"@type\":\"EntryPoint\",\"urlTemplate\":\"https:\\\/\\\/zema.de\\\/?s={search_term_string}\"},\"query-input\":{\"@type\":\"PropertyValueSpecification\",\"valueRequired\":true,\"valueName\":\"search_term_string\"}}],\"inLanguage\":\"fr-FR\"},{\"@type\":\"Person\",\"@id\":\"https:\\\/\\\/zema.de\\\/#\\\/schema\\\/person\\\/743c711cb531e79bf1ec7d48d4f96b18\",\"name\":\"IT-ZeMA\",\"image\":{\"@type\":\"ImageObject\",\"inLanguage\":\"fr-FR\",\"@id\":\"https:\\\/\\\/secure.gravatar.com\\\/avatar\\\/b92e5aca282b716247a6f11b1a8fa87d4763f15250134c334adc49a03e4e282a?s=96&d=mm&r=g\",\"url\":\"https:\\\/\\\/secure.gravatar.com\\\/avatar\\\/b92e5aca282b716247a6f11b1a8fa87d4763f15250134c334adc49a03e4e282a?s=96&d=mm&r=g\",\"contentUrl\":\"https:\\\/\\\/secure.gravatar.com\\\/avatar\\\/b92e5aca282b716247a6f11b1a8fa87d4763f15250134c334adc49a03e4e282a?s=96&d=mm&r=g\",\"caption\":\"IT-ZeMA\"},\"url\":\"https:\\\/\\\/zema.de\\\/fr\\\/author\\\/it-zema\\\/\"}]}<\/script>\n<!-- \/ Yoast SEO plugin. -->","yoast_head_json":{"title":"Erfolgreich digitalisieren im Mittelstand: Digitalforum Saar 2023 hat gezeigt, wie es geht - fl.zema.de","robots":{"index":"index","follow":"follow","max-snippet":"max-snippet:-1","max-image-preview":"max-image-preview:large","max-video-preview":"max-video-preview:-1"},"canonical":"https:\/\/zema.de\/fr\/2023\/02\/22\/erfolgreich-digitalisieren-im-mittelstand-digitalforum-saar-2023-hat-gezeigt-wie-es-geht\/","og_locale":"fr_FR","og_type":"article","og_title":"Erfolgreich digitalisieren im Mittelstand: Digitalforum Saar 2023 hat gezeigt, wie es geht - fl.zema.de","og_url":"https:\/\/zema.de\/fr\/2023\/02\/22\/erfolgreich-digitalisieren-im-mittelstand-digitalforum-saar-2023-hat-gezeigt-wie-es-geht\/","og_site_name":"fl.zema.de","article_published_time":"2023-02-22T08:18:23+00:00","article_modified_time":"2023-03-20T12:37:28+00:00","og_image":[{"width":1030,"height":686,"url":"https:\/\/zema.de\/wp-content\/uploads\/2023\/01\/Regionalkonferenz-1030x686-1.jpg","type":"image\/jpeg"}],"author":"IT-ZeMA","twitter_card":"summary_large_image","twitter_misc":{"\u00c9crit par":"IT-ZeMA","Dur\u00e9e de lecture estim\u00e9e":"2 minutes"},"schema":{"@context":"https:\/\/schema.org","@graph":[{"@type":"Article","@id":"https:\/\/zema.de\/2023\/02\/22\/erfolgreich-digitalisieren-im-mittelstand-digitalforum-saar-2023-hat-gezeigt-wie-es-geht\/#article","isPartOf":{"@id":"https:\/\/zema.de\/2023\/02\/22\/erfolgreich-digitalisieren-im-mittelstand-digitalforum-saar-2023-hat-gezeigt-wie-es-geht\/"},"author":{"name":"IT-ZeMA","@id":"https:\/\/zema.de\/#\/schema\/person\/743c711cb531e79bf1ec7d48d4f96b18"},"headline":"Erfolgreich digitalisieren im Mittelstand: Digitalforum Saar 2023 hat gezeigt, wie es geht","datePublished":"2023-02-22T08:18:23+00:00","dateModified":"2023-03-20T12:37:28+00:00","mainEntityOfPage":{"@id":"https:\/\/zema.de\/2023\/02\/22\/erfolgreich-digitalisieren-im-mittelstand-digitalforum-saar-2023-hat-gezeigt-wie-es-geht\/"},"wordCount":402,"image":{"@id":"https:\/\/zema.de\/2023\/02\/22\/erfolgreich-digitalisieren-im-mittelstand-digitalforum-saar-2023-hat-gezeigt-wie-es-geht\/#primaryimage"},"thumbnailUrl":"https:\/\/zema.de\/wp-content\/uploads\/2023\/01\/Regionalkonferenz-1030x686-1.jpg","articleSection":["ZeMA News"],"inLanguage":"fr-FR"},{"@type":"WebPage","@id":"https:\/\/zema.de\/2023\/02\/22\/erfolgreich-digitalisieren-im-mittelstand-digitalforum-saar-2023-hat-gezeigt-wie-es-geht\/","url":"https:\/\/zema.de\/2023\/02\/22\/erfolgreich-digitalisieren-im-mittelstand-digitalforum-saar-2023-hat-gezeigt-wie-es-geht\/","name":"Erfolgreich digitalisieren im Mittelstand: Digitalforum Saar 2023 hat gezeigt, wie es geht - fl.zema.de","isPartOf":{"@id":"https:\/\/zema.de\/#website"},"primaryImageOfPage":{"@id":"https:\/\/zema.de\/2023\/02\/22\/erfolgreich-digitalisieren-im-mittelstand-digitalforum-saar-2023-hat-gezeigt-wie-es-geht\/#primaryimage"},"image":{"@id":"https:\/\/zema.de\/2023\/02\/22\/erfolgreich-digitalisieren-im-mittelstand-digitalforum-saar-2023-hat-gezeigt-wie-es-geht\/#primaryimage"},"thumbnailUrl":"https:\/\/zema.de\/wp-content\/uploads\/2023\/01\/Regionalkonferenz-1030x686-1.jpg","datePublished":"2023-02-22T08:18:23+00:00","dateModified":"2023-03-20T12:37:28+00:00","author":{"@id":"https:\/\/zema.de\/#\/schema\/person\/743c711cb531e79bf1ec7d48d4f96b18"},"breadcrumb":{"@id":"https:\/\/zema.de\/2023\/02\/22\/erfolgreich-digitalisieren-im-mittelstand-digitalforum-saar-2023-hat-gezeigt-wie-es-geht\/#breadcrumb"},"inLanguage":"fr-FR","potentialAction":[{"@type":"ReadAction","target":["https:\/\/zema.de\/2023\/02\/22\/erfolgreich-digitalisieren-im-mittelstand-digitalforum-saar-2023-hat-gezeigt-wie-es-geht\/"]}]},{"@type":"ImageObject","inLanguage":"fr-FR","@id":"https:\/\/zema.de\/2023\/02\/22\/erfolgreich-digitalisieren-im-mittelstand-digitalforum-saar-2023-hat-gezeigt-wie-es-geht\/#primaryimage","url":"https:\/\/zema.de\/wp-content\/uploads\/2023\/01\/Regionalkonferenz-1030x686-1.jpg","contentUrl":"https:\/\/zema.de\/wp-content\/uploads\/2023\/01\/Regionalkonferenz-1030x686-1.jpg","width":1030,"height":686},{"@type":"BreadcrumbList","@id":"https:\/\/zema.de\/2023\/02\/22\/erfolgreich-digitalisieren-im-mittelstand-digitalforum-saar-2023-hat-gezeigt-wie-es-geht\/#breadcrumb","itemListElement":[{"@type":"ListItem","position":1,"name":"Startseite","item":"https:\/\/zema.de\/"},{"@type":"ListItem","position":2,"name":"Erfolgreich digitalisieren im Mittelstand: Digitalforum Saar 2023 hat gezeigt, wie es geht"}]},{"@type":"WebSite","@id":"https:\/\/zema.de\/#website","url":"https:\/\/zema.de\/","name":"fl.zema.de","description":"Zentrum f\u00fcr Mechatronik und Automatisierungstechnik","potentialAction":[{"@type":"SearchAction","target":{"@type":"EntryPoint","urlTemplate":"https:\/\/zema.de\/?s={search_term_string}"},"query-input":{"@type":"PropertyValueSpecification","valueRequired":true,"valueName":"search_term_string"}}],"inLanguage":"fr-FR"},{"@type":"Person","@id":"https:\/\/zema.de\/#\/schema\/person\/743c711cb531e79bf1ec7d48d4f96b18","name":"IT-ZeMA","image":{"@type":"ImageObject","inLanguage":"fr-FR","@id":"https:\/\/secure.gravatar.com\/avatar\/b92e5aca282b716247a6f11b1a8fa87d4763f15250134c334adc49a03e4e282a?s=96&d=mm&r=g","url":"https:\/\/secure.gravatar.com\/avatar\/b92e5aca282b716247a6f11b1a8fa87d4763f15250134c334adc49a03e4e282a?s=96&d=mm&r=g","contentUrl":"https:\/\/secure.gravatar.com\/avatar\/b92e5aca282b716247a6f11b1a8fa87d4763f15250134c334adc49a03e4e282a?s=96&d=mm&r=g","caption":"IT-ZeMA"},"url":"https:\/\/zema.de\/fr\/author\/it-zema\/"}]}},"_links":{"self":[{"href":"https:\/\/zema.de\/fr\/wp-json\/wp\/v2\/posts\/17975","targetHints":{"allow":["GET"]}}],"collection":[{"href":"https:\/\/zema.de\/fr\/wp-json\/wp\/v2\/posts"}],"about":[{"href":"https:\/\/zema.de\/fr\/wp-json\/wp\/v2\/types\/post"}],"author":[{"embeddable":true,"href":"https:\/\/zema.de\/fr\/wp-json\/wp\/v2\/users\/14"}],"replies":[{"embeddable":true,"href":"https:\/\/zema.de\/fr\/wp-json\/wp\/v2\/comments?post=17975"}],"version-history":[{"count":3,"href":"https:\/\/zema.de\/fr\/wp-json\/wp\/v2\/posts\/17975\/revisions"}],"predecessor-version":[{"id":18060,"href":"https:\/\/zema.de\/fr\/wp-json\/wp\/v2\/posts\/17975\/revisions\/18060"}],"wp:featuredmedia":[{"embeddable":true,"href":"https:\/\/zema.de\/fr\/wp-json\/wp\/v2\/media\/17931"}],"wp:attachment":[{"href":"https:\/\/zema.de\/fr\/wp-json\/wp\/v2\/media?parent=17975"}],"wp:term":[{"taxonomy":"category","embeddable":true,"href":"https:\/\/zema.de\/fr\/wp-json\/wp\/v2\/categories?post=17975"},{"taxonomy":"post_tag","embeddable":true,"href":"https:\/\/zema.de\/fr\/wp-json\/wp\/v2\/tags?post=17975"}],"curies":[{"name":"wp","href":"https:\/\/api.w.org\/{rel}","templated":true}]}}