{"id":19513,"date":"2025-10-06T09:13:47","date_gmt":"2025-10-06T07:13:47","guid":{"rendered":"https:\/\/zema.de\/?p=19513"},"modified":"2025-12-09T09:40:26","modified_gmt":"2025-12-09T08:40:26","slug":"tag-der-deutschen-einheit-2025","status":"publish","type":"post","link":"https:\/\/zema.de\/fr\/2025\/10\/06\/tag-der-deutschen-einheit-2025\/","title":{"rendered":"Journ\u00e9e de l'unit\u00e9 allemande 2025"},"content":{"rendered":"<div class=\"wpb-content-wrapper\"><div class=\"vc_row wpb_row vc_row-fluid vc_custom_1652774372624\"><div class=\"wpb_column vc_column_container vc_col-sm-6\"><div class=\"vc_column-inner\"><div class=\"wpb_wrapper\">\n\t<div class=\"wpb_text_column wpb_content_element\" >\n\t\t<div class=\"wpb_wrapper\">\n\t\t\t<p>Nous regardons en arri\u00e8re avec enthousiasme la f\u00eate des citoyens \u00e0 l\u2019occasion de la Journ\u00e9e de l\u2019unit\u00e9 allemande 2025 \u2013 avec notre stand, une technique passionnante \u00e0 essayer et de nombreuses rencontres formidables.<\/p>\n<p>Notre point culminant: les visiteurs curieux avec qui nous avons parl\u00e9 de technologie, d'innovation et d'id\u00e9es d'avenir.<\/p>\n<p>C\u2019\u00e9tait g\u00e9nial que nous ayons pu faire partie de ce week-end sp\u00e9cial \u2013 c\u2019\u00e9tait tout \u00e0 fait r\u00e9ussi, inspirant et tout simplement magnifique!<\/p>\n\n\t\t<\/div>\n\t<\/div>\n<\/div><\/div><\/div><div class=\"wpb_column vc_column_container vc_col-sm-6\"><div class=\"vc_column-inner\"><div class=\"wpb_wrapper\">\n\t<div  class=\"wpb_single_image wpb_content_element vc_align_left\">\n\t\t\n\t\t<figure class=\"wpb_wrapper vc_figure\">\n\t\t\t<div class=\"vc_single_image-wrapper   vc_box_border_grey\"><img loading=\"lazy\" decoding=\"async\" width=\"222\" height=\"300\" src=\"https:\/\/zema.de\/wp-content\/uploads\/2025\/12\/3-1-222x300.jpg\" class=\"vc_single_image-img attachment-medium\" alt=\"\" title=\"3\" srcset=\"https:\/\/zema.de\/wp-content\/uploads\/2025\/12\/3-1-222x300.jpg 222w, https:\/\/zema.de\/wp-content\/uploads\/2025\/12\/3-1-9x12.jpg 9w, https:\/\/zema.de\/wp-content\/uploads\/2025\/12\/3-1.jpg 474w\" sizes=\"auto, (max-width: 222px) 100vw, 222px\"  data-dt-location=\"https:\/\/zema.de\/fr\/3-4\/\" \/><\/div>\n\t\t<\/figure>\n\t<\/div>\n<div class=\"gap\" style=\"line-height: 10px; height: 10px;\"><\/div>\n\t<div  class=\"wpb_single_image wpb_content_element vc_align_left\">\n\t\t\n\t\t<figure class=\"wpb_wrapper vc_figure\">\n\t\t\t<div class=\"vc_single_image-wrapper   vc_box_border_grey\"><img loading=\"lazy\" decoding=\"async\" width=\"225\" height=\"300\" src=\"https:\/\/zema.de\/wp-content\/uploads\/2025\/12\/2-1-225x300.jpg\" class=\"vc_single_image-img attachment-medium\" alt=\"\" title=\"2\" srcset=\"https:\/\/zema.de\/wp-content\/uploads\/2025\/12\/2-1-225x300.jpg 225w, https:\/\/zema.de\/wp-content\/uploads\/2025\/12\/2-1-9x12.jpg 9w, https:\/\/zema.de\/wp-content\/uploads\/2025\/12\/2-1.jpg 480w\" sizes=\"auto, (max-width: 225px) 100vw, 225px\"  data-dt-location=\"https:\/\/zema.de\/fr\/2-3\/\" \/><\/div>\n\t\t<\/figure>\n\t<\/div>\n<div class=\"gap\" style=\"line-height: 10px; height: 10px;\"><\/div>\n\t<div  class=\"wpb_single_image wpb_content_element vc_align_left\">\n\t\t\n\t\t<figure class=\"wpb_wrapper vc_figure\">\n\t\t\t<div class=\"vc_single_image-wrapper   vc_box_border_grey\"><img loading=\"lazy\" decoding=\"async\" width=\"225\" height=\"300\" src=\"https:\/\/zema.de\/wp-content\/uploads\/2025\/12\/1-1-225x300.jpg\" class=\"vc_single_image-img attachment-medium\" alt=\"\" title=\"1\" srcset=\"https:\/\/zema.de\/wp-content\/uploads\/2025\/12\/1-1-225x300.jpg 225w, https:\/\/zema.de\/wp-content\/uploads\/2025\/12\/1-1-9x12.jpg 9w, https:\/\/zema.de\/wp-content\/uploads\/2025\/12\/1-1.jpg 480w\" sizes=\"auto, (max-width: 225px) 100vw, 225px\"  data-dt-location=\"https:\/\/zema.de\/fr\/1-4\/\" \/><\/div>\n\t\t<\/figure>\n\t<\/div>\n<\/div><\/div><\/div><\/div><div class=\"vc_row wpb_row vc_row-fluid\"><div class=\"wpb_column vc_column_container vc_col-sm-12\"><div class=\"vc_column-inner\"><div class=\"wpb_wrapper\"><\/div><\/div><\/div><\/div>\n<\/div>","protected":false},"excerpt":{"rendered":"<p>Nous regardons en arri\u00e8re avec enthousiasme la f\u00eate des citoyens \u00e0 l\u2019occasion de la Journ\u00e9e de l\u2019unit\u00e9 allemande 2025 \u2013 avec notre stand, une technique passionnante \u00e0 essayer et de nombreuses rencontres formidables. Notre point culminant: les visiteurs curieux avec qui nous avons parl\u00e9 de technologie, d'innovation et d'id\u00e9es d'avenir. C'\u00e9tait g\u00e9nial que nous ayons pu faire partie de ce week-end sp\u00e9cial \u2013 c'\u00e9tait tout autour...<\/p>","protected":false},"author":21,"featured_media":19782,"comment_status":"closed","ping_status":"closed","sticky":false,"template":"","format":"standard","meta":{"footnotes":""},"categories":[41],"tags":[],"class_list":["post-19513","post","type-post","status-publish","format-standard","has-post-thumbnail","hentry","category-zema-news","category-41","description-off"],"yoast_head":"<!-- This site is optimized with the Yoast SEO plugin v27.5 - https:\/\/yoast.com\/product\/yoast-seo-wordpress\/ -->\n<title>Tag der Deutschen Einheit 2025 - fl.zema.de<\/title>\n<meta name=\"robots\" content=\"index, follow, max-snippet:-1, max-image-preview:large, max-video-preview:-1\" \/>\n<link rel=\"canonical\" href=\"https:\/\/zema.de\/fr\/2025\/10\/06\/tag-der-deutschen-einheit-2025\/\" \/>\n<meta property=\"og:locale\" content=\"fr_FR\" \/>\n<meta property=\"og:type\" content=\"article\" \/>\n<meta property=\"og:title\" content=\"Tag der Deutschen Einheit 2025 - fl.zema.de\" \/>\n<meta property=\"og:url\" content=\"https:\/\/zema.de\/fr\/2025\/10\/06\/tag-der-deutschen-einheit-2025\/\" \/>\n<meta property=\"og:site_name\" content=\"fl.zema.de\" \/>\n<meta property=\"article:published_time\" content=\"2025-10-06T07:13:47+00:00\" \/>\n<meta property=\"article:modified_time\" content=\"2025-12-09T08:40:26+00:00\" \/>\n<meta property=\"og:image\" content=\"https:\/\/zema.de\/wp-content\/uploads\/2025\/12\/3-1.jpg\" \/>\n\t<meta property=\"og:image:width\" content=\"474\" \/>\n\t<meta property=\"og:image:height\" content=\"640\" \/>\n\t<meta property=\"og:image:type\" content=\"image\/jpeg\" \/>\n<meta name=\"author\" content=\"Verena Milde\" \/>\n<meta name=\"twitter:card\" content=\"summary_large_image\" \/>\n<meta name=\"twitter:label1\" content=\"\u00c9crit par\" \/>\n\t<meta name=\"twitter:data1\" content=\"Verena Milde\" \/>\n\t<meta name=\"twitter:label2\" content=\"Dur\u00e9e de lecture estim\u00e9e\" \/>\n\t<meta name=\"twitter:data2\" content=\"2 minutes\" \/>\n<script type=\"application\/ld+json\" class=\"yoast-schema-graph\">{\"@context\":\"https:\\\/\\\/schema.org\",\"@graph\":[{\"@type\":\"Article\",\"@id\":\"https:\\\/\\\/zema.de\\\/2025\\\/10\\\/06\\\/tag-der-deutschen-einheit-2025\\\/#article\",\"isPartOf\":{\"@id\":\"https:\\\/\\\/zema.de\\\/2025\\\/10\\\/06\\\/tag-der-deutschen-einheit-2025\\\/\"},\"author\":{\"name\":\"Verena Milde\",\"@id\":\"https:\\\/\\\/zema.de\\\/#\\\/schema\\\/person\\\/9f8eda3ce58363025099ef8cf8fc2198\"},\"headline\":\"Tag der Deutschen Einheit 2025\",\"datePublished\":\"2025-10-06T07:13:47+00:00\",\"dateModified\":\"2025-12-09T08:40:26+00:00\",\"mainEntityOfPage\":{\"@id\":\"https:\\\/\\\/zema.de\\\/2025\\\/10\\\/06\\\/tag-der-deutschen-einheit-2025\\\/\"},\"wordCount\":152,\"image\":{\"@id\":\"https:\\\/\\\/zema.de\\\/2025\\\/10\\\/06\\\/tag-der-deutschen-einheit-2025\\\/#primaryimage\"},\"thumbnailUrl\":\"https:\\\/\\\/zema.de\\\/wp-content\\\/uploads\\\/2025\\\/12\\\/3-1.jpg\",\"articleSection\":[\"ZeMA News\"],\"inLanguage\":\"fr-FR\"},{\"@type\":\"WebPage\",\"@id\":\"https:\\\/\\\/zema.de\\\/2025\\\/10\\\/06\\\/tag-der-deutschen-einheit-2025\\\/\",\"url\":\"https:\\\/\\\/zema.de\\\/2025\\\/10\\\/06\\\/tag-der-deutschen-einheit-2025\\\/\",\"name\":\"Tag der Deutschen Einheit 2025 - fl.zema.de\",\"isPartOf\":{\"@id\":\"https:\\\/\\\/zema.de\\\/#website\"},\"primaryImageOfPage\":{\"@id\":\"https:\\\/\\\/zema.de\\\/2025\\\/10\\\/06\\\/tag-der-deutschen-einheit-2025\\\/#primaryimage\"},\"image\":{\"@id\":\"https:\\\/\\\/zema.de\\\/2025\\\/10\\\/06\\\/tag-der-deutschen-einheit-2025\\\/#primaryimage\"},\"thumbnailUrl\":\"https:\\\/\\\/zema.de\\\/wp-content\\\/uploads\\\/2025\\\/12\\\/3-1.jpg\",\"datePublished\":\"2025-10-06T07:13:47+00:00\",\"dateModified\":\"2025-12-09T08:40:26+00:00\",\"author\":{\"@id\":\"https:\\\/\\\/zema.de\\\/#\\\/schema\\\/person\\\/9f8eda3ce58363025099ef8cf8fc2198\"},\"breadcrumb\":{\"@id\":\"https:\\\/\\\/zema.de\\\/2025\\\/10\\\/06\\\/tag-der-deutschen-einheit-2025\\\/#breadcrumb\"},\"inLanguage\":\"fr-FR\",\"potentialAction\":[{\"@type\":\"ReadAction\",\"target\":[\"https:\\\/\\\/zema.de\\\/2025\\\/10\\\/06\\\/tag-der-deutschen-einheit-2025\\\/\"]}]},{\"@type\":\"ImageObject\",\"inLanguage\":\"fr-FR\",\"@id\":\"https:\\\/\\\/zema.de\\\/2025\\\/10\\\/06\\\/tag-der-deutschen-einheit-2025\\\/#primaryimage\",\"url\":\"https:\\\/\\\/zema.de\\\/wp-content\\\/uploads\\\/2025\\\/12\\\/3-1.jpg\",\"contentUrl\":\"https:\\\/\\\/zema.de\\\/wp-content\\\/uploads\\\/2025\\\/12\\\/3-1.jpg\",\"width\":474,\"height\":640},{\"@type\":\"BreadcrumbList\",\"@id\":\"https:\\\/\\\/zema.de\\\/2025\\\/10\\\/06\\\/tag-der-deutschen-einheit-2025\\\/#breadcrumb\",\"itemListElement\":[{\"@type\":\"ListItem\",\"position\":1,\"name\":\"Startseite\",\"item\":\"https:\\\/\\\/zema.de\\\/\"},{\"@type\":\"ListItem\",\"position\":2,\"name\":\"Tag der Deutschen Einheit 2025\"}]},{\"@type\":\"WebSite\",\"@id\":\"https:\\\/\\\/zema.de\\\/#website\",\"url\":\"https:\\\/\\\/zema.de\\\/\",\"name\":\"fl.zema.de\",\"description\":\"Zentrum f\u00fcr Mechatronik und Automatisierungstechnik\",\"potentialAction\":[{\"@type\":\"SearchAction\",\"target\":{\"@type\":\"EntryPoint\",\"urlTemplate\":\"https:\\\/\\\/zema.de\\\/?s={search_term_string}\"},\"query-input\":{\"@type\":\"PropertyValueSpecification\",\"valueRequired\":true,\"valueName\":\"search_term_string\"}}],\"inLanguage\":\"fr-FR\"},{\"@type\":\"Person\",\"@id\":\"https:\\\/\\\/zema.de\\\/#\\\/schema\\\/person\\\/9f8eda3ce58363025099ef8cf8fc2198\",\"name\":\"Verena Milde\",\"image\":{\"@type\":\"ImageObject\",\"inLanguage\":\"fr-FR\",\"@id\":\"https:\\\/\\\/secure.gravatar.com\\\/avatar\\\/b385450529ea92532253064f17380a7119759b84e7211eb2451570829f9011a8?s=96&d=mm&r=g\",\"url\":\"https:\\\/\\\/secure.gravatar.com\\\/avatar\\\/b385450529ea92532253064f17380a7119759b84e7211eb2451570829f9011a8?s=96&d=mm&r=g\",\"contentUrl\":\"https:\\\/\\\/secure.gravatar.com\\\/avatar\\\/b385450529ea92532253064f17380a7119759b84e7211eb2451570829f9011a8?s=96&d=mm&r=g\",\"caption\":\"Verena Milde\"},\"url\":\"https:\\\/\\\/zema.de\\\/fr\\\/author\\\/v-milde\\\/\"}]}<\/script>\n<!-- \/ Yoast SEO plugin. -->","yoast_head_json":{"title":"Tag der Deutschen Einheit 2025 - fl.zema.de","robots":{"index":"index","follow":"follow","max-snippet":"max-snippet:-1","max-image-preview":"max-image-preview:large","max-video-preview":"max-video-preview:-1"},"canonical":"https:\/\/zema.de\/fr\/2025\/10\/06\/tag-der-deutschen-einheit-2025\/","og_locale":"fr_FR","og_type":"article","og_title":"Tag der Deutschen Einheit 2025 - fl.zema.de","og_url":"https:\/\/zema.de\/fr\/2025\/10\/06\/tag-der-deutschen-einheit-2025\/","og_site_name":"fl.zema.de","article_published_time":"2025-10-06T07:13:47+00:00","article_modified_time":"2025-12-09T08:40:26+00:00","og_image":[{"width":474,"height":640,"url":"https:\/\/zema.de\/wp-content\/uploads\/2025\/12\/3-1.jpg","type":"image\/jpeg"}],"author":"Verena Milde","twitter_card":"summary_large_image","twitter_misc":{"\u00c9crit par":"Verena Milde","Dur\u00e9e de lecture estim\u00e9e":"2 minutes"},"schema":{"@context":"https:\/\/schema.org","@graph":[{"@type":"Article","@id":"https:\/\/zema.de\/2025\/10\/06\/tag-der-deutschen-einheit-2025\/#article","isPartOf":{"@id":"https:\/\/zema.de\/2025\/10\/06\/tag-der-deutschen-einheit-2025\/"},"author":{"name":"Verena Milde","@id":"https:\/\/zema.de\/#\/schema\/person\/9f8eda3ce58363025099ef8cf8fc2198"},"headline":"Tag der Deutschen Einheit 2025","datePublished":"2025-10-06T07:13:47+00:00","dateModified":"2025-12-09T08:40:26+00:00","mainEntityOfPage":{"@id":"https:\/\/zema.de\/2025\/10\/06\/tag-der-deutschen-einheit-2025\/"},"wordCount":152,"image":{"@id":"https:\/\/zema.de\/2025\/10\/06\/tag-der-deutschen-einheit-2025\/#primaryimage"},"thumbnailUrl":"https:\/\/zema.de\/wp-content\/uploads\/2025\/12\/3-1.jpg","articleSection":["ZeMA News"],"inLanguage":"fr-FR"},{"@type":"WebPage","@id":"https:\/\/zema.de\/2025\/10\/06\/tag-der-deutschen-einheit-2025\/","url":"https:\/\/zema.de\/2025\/10\/06\/tag-der-deutschen-einheit-2025\/","name":"Tag der Deutschen Einheit 2025 - fl.zema.de","isPartOf":{"@id":"https:\/\/zema.de\/#website"},"primaryImageOfPage":{"@id":"https:\/\/zema.de\/2025\/10\/06\/tag-der-deutschen-einheit-2025\/#primaryimage"},"image":{"@id":"https:\/\/zema.de\/2025\/10\/06\/tag-der-deutschen-einheit-2025\/#primaryimage"},"thumbnailUrl":"https:\/\/zema.de\/wp-content\/uploads\/2025\/12\/3-1.jpg","datePublished":"2025-10-06T07:13:47+00:00","dateModified":"2025-12-09T08:40:26+00:00","author":{"@id":"https:\/\/zema.de\/#\/schema\/person\/9f8eda3ce58363025099ef8cf8fc2198"},"breadcrumb":{"@id":"https:\/\/zema.de\/2025\/10\/06\/tag-der-deutschen-einheit-2025\/#breadcrumb"},"inLanguage":"fr-FR","potentialAction":[{"@type":"ReadAction","target":["https:\/\/zema.de\/2025\/10\/06\/tag-der-deutschen-einheit-2025\/"]}]},{"@type":"ImageObject","inLanguage":"fr-FR","@id":"https:\/\/zema.de\/2025\/10\/06\/tag-der-deutschen-einheit-2025\/#primaryimage","url":"https:\/\/zema.de\/wp-content\/uploads\/2025\/12\/3-1.jpg","contentUrl":"https:\/\/zema.de\/wp-content\/uploads\/2025\/12\/3-1.jpg","width":474,"height":640},{"@type":"BreadcrumbList","@id":"https:\/\/zema.de\/2025\/10\/06\/tag-der-deutschen-einheit-2025\/#breadcrumb","itemListElement":[{"@type":"ListItem","position":1,"name":"Startseite","item":"https:\/\/zema.de\/"},{"@type":"ListItem","position":2,"name":"Tag der Deutschen Einheit 2025"}]},{"@type":"WebSite","@id":"https:\/\/zema.de\/#website","url":"https:\/\/zema.de\/","name":"fl.zema.de","description":"Zentrum f\u00fcr Mechatronik und Automatisierungstechnik","potentialAction":[{"@type":"SearchAction","target":{"@type":"EntryPoint","urlTemplate":"https:\/\/zema.de\/?s={search_term_string}"},"query-input":{"@type":"PropertyValueSpecification","valueRequired":true,"valueName":"search_term_string"}}],"inLanguage":"fr-FR"},{"@type":"Person","@id":"https:\/\/zema.de\/#\/schema\/person\/9f8eda3ce58363025099ef8cf8fc2198","name":"Verena Milde","image":{"@type":"ImageObject","inLanguage":"fr-FR","@id":"https:\/\/secure.gravatar.com\/avatar\/b385450529ea92532253064f17380a7119759b84e7211eb2451570829f9011a8?s=96&d=mm&r=g","url":"https:\/\/secure.gravatar.com\/avatar\/b385450529ea92532253064f17380a7119759b84e7211eb2451570829f9011a8?s=96&d=mm&r=g","contentUrl":"https:\/\/secure.gravatar.com\/avatar\/b385450529ea92532253064f17380a7119759b84e7211eb2451570829f9011a8?s=96&d=mm&r=g","caption":"Verena Milde"},"url":"https:\/\/zema.de\/fr\/author\/v-milde\/"}]}},"_links":{"self":[{"href":"https:\/\/zema.de\/fr\/wp-json\/wp\/v2\/posts\/19513","targetHints":{"allow":["GET"]}}],"collection":[{"href":"https:\/\/zema.de\/fr\/wp-json\/wp\/v2\/posts"}],"about":[{"href":"https:\/\/zema.de\/fr\/wp-json\/wp\/v2\/types\/post"}],"author":[{"embeddable":true,"href":"https:\/\/zema.de\/fr\/wp-json\/wp\/v2\/users\/21"}],"replies":[{"embeddable":true,"href":"https:\/\/zema.de\/fr\/wp-json\/wp\/v2\/comments?post=19513"}],"version-history":[{"count":4,"href":"https:\/\/zema.de\/fr\/wp-json\/wp\/v2\/posts\/19513\/revisions"}],"predecessor-version":[{"id":19807,"href":"https:\/\/zema.de\/fr\/wp-json\/wp\/v2\/posts\/19513\/revisions\/19807"}],"wp:featuredmedia":[{"embeddable":true,"href":"https:\/\/zema.de\/fr\/wp-json\/wp\/v2\/media\/19782"}],"wp:attachment":[{"href":"https:\/\/zema.de\/fr\/wp-json\/wp\/v2\/media?parent=19513"}],"wp:term":[{"taxonomy":"category","embeddable":true,"href":"https:\/\/zema.de\/fr\/wp-json\/wp\/v2\/categories?post=19513"},{"taxonomy":"post_tag","embeddable":true,"href":"https:\/\/zema.de\/fr\/wp-json\/wp\/v2\/tags?post=19513"}],"curies":[{"name":"wp","href":"https:\/\/api.w.org\/{rel}","templated":true}]}}