{"id":19768,"date":"2025-11-17T08:59:38","date_gmt":"2025-11-17T07:59:38","guid":{"rendered":"https:\/\/zema.de\/?p=19768"},"modified":"2025-12-09T09:37:31","modified_gmt":"2025-12-09T08:37:31","slug":"trasaar-abschlussveranstaltung","status":"publish","type":"post","link":"https:\/\/zema.de\/fr\/2025\/11\/17\/trasaar-abschlussveranstaltung\/","title":{"rendered":"TraSaar \u2013 \u00c9v\u00e9nement de cl\u00f4ture"},"content":{"rendered":"<div class=\"wpb-content-wrapper\"><div class=\"vc_row wpb_row vc_row-fluid vc_custom_1652774372624\"><div class=\"wpb_column vc_column_container vc_col-sm-6\"><div class=\"vc_column-inner\"><div class=\"wpb_wrapper\">\n\t<div class=\"wpb_text_column wpb_content_element\" >\n\t\t<div class=\"wpb_wrapper\">\n\t\t\t<p>Le vendredi 14.11.25, l\u2019\u00e9v\u00e9nement annuel TraSaar de cette ann\u00e9e s\u2019est tenu \u00e0 l\u2019Aula Sulzbach sous le th\u00e8me \u00abLa Sarre dans la transformation industrielle \u2013 d\u00e9fis, impacts et opportunit\u00e9s\u00bb.<\/p>\n<p>L'\u00e9v\u00e9nement a offert une conf\u00e9rence passionnante de Keyspeaker et futurologue <a href=\"https:\/\/www.linkedin.com\/in\/jan-berger-themis\/\"><strong>Jan Berger<\/strong><\/a>, Fondateur et PDG du <a href=\"https:\/\/www.linkedin.com\/company\/themis-foresight\/\"><strong>Themis Foresight<\/strong><\/a> Berlin, \u00abDu changement structurel au pouvoir structurel\u00bb. De nombreuses impulsions ont \u00e9t\u00e9 donn\u00e9es pour que la Sarre, malgr\u00e9 tous les d\u00e9fis, puisse sortir renforc\u00e9e des \u00e9v\u00e9nements de transformation actuels.<br \/>\nVous pouvez consulter l'expos\u00e9 de M. Berger \u00e0 l'adresse suivante: <a href=\"https:\/\/trasaar.saarland\/\"><strong>https:\/\/trasaar.saarland\/<\/strong><\/a> dowloader.<\/p>\n<p>Par la suite, le mod\u00e9rateur <a href=\"https:\/\/www.linkedin.com\/in\/louisa-schlang-597ab8261\/\"><strong>Louisa Schlang<\/strong><\/a>, qui a \u00e9t\u00e9 nomm\u00e9e meilleure animatrice de la rel\u00e8ve \u00e0 l\u2019\u00e9chelle nationale en 2022, a particip\u00e9 \u00e0 la table ronde qui s\u2019est appuy\u00e9e sur la pr\u00e9sentation de Berger. <a href=\"https:\/\/www.linkedin.com\/in\/marco-rupprecht-661467345\/\"><strong>Marco Rupprecht<\/strong><\/a> (<a href=\"https:\/\/www.linkedin.com\/company\/dgb-gewerkschaftsbund\/\"><strong>DGB \u2013 Conf\u00e9d\u00e9ration allemande des syndicats<\/strong><\/a> &amp; <a href=\"https:\/\/www.linkedin.com\/company\/revierwende-saarl%C3%A4ndisches-revier\/\"><strong>Revierwende du territoire de la Sarre<\/strong><\/a>), <a href=\"https:\/\/www.linkedin.com\/in\/carsten-kien-aa8b5617a\/\"><strong>Carsten Kien<\/strong><\/a> (Ing\u00e9nieur Soft Skills, Coach &amp; Trainer) et <a href=\"https:\/\/www.linkedin.com\/in\/roman-quirin-345a421b\/\"><strong>Roman Quirin<\/strong><\/a> (Directeur g\u00e9n\u00e9ral de <a href=\"https:\/\/www.linkedin.com\/in\/dileb-maschinenbau-ab3940264\/\"><strong>DILEB Ing\u00e9nierie m\u00e9canique<\/strong><\/a>) ont particip\u00e9 \u00e0 cette discussion aux c\u00f4t\u00e9s de Berger et ont discut\u00e9 du sujet sous diff\u00e9rents angles.<\/p>\n<p>En outre, le Cluster Manager Gunter Maier a pr\u00e9sent\u00e9 une r\u00e9trospective de 4 ans de TraSaar avec des r\u00e9sultats de projet complets ainsi qu'une pr\u00e9sentation du portail de formation continue de la Sarre par la Chambre du travail de la Sarre, repr\u00e9sent\u00e9e par son directeur g\u00e9n\u00e9ral. <a href=\"https:\/\/www.linkedin.com\/in\/thomas-otto-811229137\/\"><strong>Thomas Otto<\/strong><\/a>, <a href=\"https:\/\/www.linkedin.com\/in\/simone-bubel-575352104\/\"><strong>Simone Bubel<\/strong><\/a> et <a href=\"https:\/\/www.linkedin.com\/in\/magnusjuckel\/\"><strong>Magnus Barth<\/strong><\/a>.<\/p>\n<p>Dans le cadre de l'\u00e9v\u00e9nement, nous avons pu constater les r\u00e9sultats de notre projet de <strong>Sous-projet 3 \u2013 Automatisation et num\u00e9risation<\/strong>, <strong>Sous-projet 4 \u2013 Hydrog\u00e8ne et pile \u00e0 combustible<\/strong> et <strong>Sous-projet 5 \u2013 Fabrication et recyclage des batteries<\/strong> Pr\u00e9senter et discuter. Pour plus d'informations et les rapports de projet, voir <a href=\"https:\/\/trasaar.saarland\/\"><strong>ici<\/strong><\/a>.<\/p>\n<p>Nous remercions tous les partenaires du projet pour leur collaboration fructueuse.<\/p>\n\n\t\t<\/div>\n\t<\/div>\n<\/div><\/div><\/div><div class=\"wpb_column vc_column_container vc_col-sm-6\"><div class=\"vc_column-inner\"><div class=\"wpb_wrapper\">\n\t<div  class=\"wpb_single_image wpb_content_element vc_align_left\">\n\t\t\n\t\t<figure class=\"wpb_wrapper vc_figure\">\n\t\t\t<div class=\"vc_single_image-wrapper   vc_box_border_grey\"><img loading=\"lazy\" decoding=\"async\" width=\"300\" height=\"200\" src=\"https:\/\/zema.de\/wp-content\/uploads\/2025\/12\/6-300x200.jpg\" class=\"vc_single_image-img attachment-medium\" alt=\"\" title=\"6\" srcset=\"https:\/\/zema.de\/wp-content\/uploads\/2025\/12\/6-300x200.jpg 300w, https:\/\/zema.de\/wp-content\/uploads\/2025\/12\/6-768x513.jpg 768w, https:\/\/zema.de\/wp-content\/uploads\/2025\/12\/6-18x12.jpg 18w, https:\/\/zema.de\/wp-content\/uploads\/2025\/12\/6.jpg 866w\" sizes=\"auto, (max-width: 300px) 100vw, 300px\"  data-dt-location=\"https:\/\/zema.de\/fr\/6\/\" \/><\/div>\n\t\t<\/figure>\n\t<\/div>\n<div class=\"gap\" style=\"line-height: 10px; height: 10px;\"><\/div>\n\t<div  class=\"wpb_single_image wpb_content_element vc_align_left\">\n\t\t\n\t\t<figure class=\"wpb_wrapper vc_figure\">\n\t\t\t<div class=\"vc_single_image-wrapper   vc_box_border_grey\"><img loading=\"lazy\" decoding=\"async\" width=\"300\" height=\"200\" src=\"https:\/\/zema.de\/wp-content\/uploads\/2025\/12\/3-300x200.jpg\" class=\"vc_single_image-img attachment-medium\" alt=\"\" title=\"3\" srcset=\"https:\/\/zema.de\/wp-content\/uploads\/2025\/12\/3-300x200.jpg 300w, https:\/\/zema.de\/wp-content\/uploads\/2025\/12\/3-768x513.jpg 768w, https:\/\/zema.de\/wp-content\/uploads\/2025\/12\/3-18x12.jpg 18w, https:\/\/zema.de\/wp-content\/uploads\/2025\/12\/3.jpg 866w\" sizes=\"auto, (max-width: 300px) 100vw, 300px\"  data-dt-location=\"https:\/\/zema.de\/fr\/3-3\/\" \/><\/div>\n\t\t<\/figure>\n\t<\/div>\n<div class=\"gap\" style=\"line-height: 10px; height: 10px;\"><\/div>\n\t<div  class=\"wpb_single_image wpb_content_element vc_align_left\">\n\t\t\n\t\t<figure class=\"wpb_wrapper vc_figure\">\n\t\t\t<div class=\"vc_single_image-wrapper   vc_box_border_grey\"><img loading=\"lazy\" decoding=\"async\" width=\"300\" height=\"200\" src=\"https:\/\/zema.de\/wp-content\/uploads\/2025\/12\/1-300x200.jpg\" class=\"vc_single_image-img attachment-medium\" alt=\"\" title=\"1\" srcset=\"https:\/\/zema.de\/wp-content\/uploads\/2025\/12\/1-300x200.jpg 300w, https:\/\/zema.de\/wp-content\/uploads\/2025\/12\/1-768x513.jpg 768w, https:\/\/zema.de\/wp-content\/uploads\/2025\/12\/1-18x12.jpg 18w, https:\/\/zema.de\/wp-content\/uploads\/2025\/12\/1.jpg 866w\" sizes=\"auto, (max-width: 300px) 100vw, 300px\"  data-dt-location=\"https:\/\/zema.de\/fr\/1-3\/\" \/><\/div>\n\t\t<\/figure>\n\t<\/div>\n<div class=\"gap\" style=\"line-height: 10px; height: 10px;\"><\/div>\n\t<div  class=\"wpb_single_image wpb_content_element vc_align_left\">\n\t\t\n\t\t<figure class=\"wpb_wrapper vc_figure\">\n\t\t\t<div class=\"vc_single_image-wrapper   vc_box_border_grey\"><img loading=\"lazy\" decoding=\"async\" width=\"300\" height=\"200\" src=\"https:\/\/zema.de\/wp-content\/uploads\/2025\/12\/2-300x200.jpg\" class=\"vc_single_image-img attachment-medium\" alt=\"\" title=\"2\" srcset=\"https:\/\/zema.de\/wp-content\/uploads\/2025\/12\/2-300x200.jpg 300w, https:\/\/zema.de\/wp-content\/uploads\/2025\/12\/2-768x513.jpg 768w, https:\/\/zema.de\/wp-content\/uploads\/2025\/12\/2-18x12.jpg 18w, https:\/\/zema.de\/wp-content\/uploads\/2025\/12\/2.jpg 866w\" sizes=\"auto, (max-width: 300px) 100vw, 300px\"  data-dt-location=\"https:\/\/zema.de\/fr\/2-2\/\" \/><\/div>\n\t\t<\/figure>\n\t<\/div>\n\n\t<div class=\"wpb_text_column wpb_content_element\" >\n\t\t<div class=\"wpb_wrapper\">\n\t\t\t<p>Droits d'image: Laura Dillschneider<\/p>\n\n\t\t<\/div>\n\t<\/div>\n<\/div><\/div><\/div><\/div>\n<\/div>","protected":false},"excerpt":{"rendered":"<p>Le vendredi 14.11.25, l\u2019\u00e9v\u00e9nement annuel TraSaar de cette ann\u00e9e s\u2019est tenu \u00e0 l\u2019Aula Sulzbach sous le th\u00e8me \u00abLa Sarre dans la transformation industrielle \u2013 d\u00e9fis, impacts et opportunit\u00e9s\u00bb. L\u2019\u00e9v\u00e9nement a donn\u00e9 une conf\u00e9rence passionnante de Jan Berger, conf\u00e9rencier principal et futurologue, fondateur et PDG de Themis Foresight Berlin, intitul\u00e9e \u00abDu changement structurel au pouvoir structurel\u00bb. C'est l\u00e0 qu'ont \u00e9t\u00e9...<\/p>","protected":false},"author":21,"featured_media":19769,"comment_status":"closed","ping_status":"closed","sticky":false,"template":"","format":"standard","meta":{"footnotes":""},"categories":[41],"tags":[],"class_list":["post-19768","post","type-post","status-publish","format-standard","has-post-thumbnail","hentry","category-zema-news","category-41","description-off"],"yoast_head":"<!-- This site is optimized with the Yoast SEO plugin v27.5 - https:\/\/yoast.com\/product\/yoast-seo-wordpress\/ -->\n<title>TraSaar - Abschlussveranstaltung - fl.zema.de<\/title>\n<meta name=\"robots\" content=\"index, follow, max-snippet:-1, max-image-preview:large, max-video-preview:-1\" \/>\n<link rel=\"canonical\" href=\"https:\/\/zema.de\/fr\/2025\/11\/17\/trasaar-abschlussveranstaltung\/\" \/>\n<meta property=\"og:locale\" content=\"fr_FR\" \/>\n<meta property=\"og:type\" content=\"article\" \/>\n<meta property=\"og:title\" content=\"TraSaar - Abschlussveranstaltung - fl.zema.de\" \/>\n<meta property=\"og:url\" content=\"https:\/\/zema.de\/fr\/2025\/11\/17\/trasaar-abschlussveranstaltung\/\" \/>\n<meta property=\"og:site_name\" content=\"fl.zema.de\" \/>\n<meta property=\"article:published_time\" content=\"2025-11-17T07:59:38+00:00\" \/>\n<meta property=\"article:modified_time\" content=\"2025-12-09T08:37:31+00:00\" \/>\n<meta property=\"og:image\" content=\"https:\/\/zema.de\/wp-content\/uploads\/2025\/12\/6.jpg\" \/>\n\t<meta property=\"og:image:width\" content=\"866\" \/>\n\t<meta property=\"og:image:height\" content=\"578\" \/>\n\t<meta property=\"og:image:type\" content=\"image\/jpeg\" \/>\n<meta name=\"author\" content=\"Verena Milde\" \/>\n<meta name=\"twitter:card\" content=\"summary_large_image\" \/>\n<meta name=\"twitter:label1\" content=\"\u00c9crit par\" \/>\n\t<meta name=\"twitter:data1\" content=\"Verena Milde\" \/>\n\t<meta name=\"twitter:label2\" content=\"Dur\u00e9e de lecture estim\u00e9e\" \/>\n\t<meta name=\"twitter:data2\" content=\"3 minutes\" \/>\n<script type=\"application\/ld+json\" class=\"yoast-schema-graph\">{\"@context\":\"https:\\\/\\\/schema.org\",\"@graph\":[{\"@type\":\"Article\",\"@id\":\"https:\\\/\\\/zema.de\\\/2025\\\/11\\\/17\\\/trasaar-abschlussveranstaltung\\\/#article\",\"isPartOf\":{\"@id\":\"https:\\\/\\\/zema.de\\\/2025\\\/11\\\/17\\\/trasaar-abschlussveranstaltung\\\/\"},\"author\":{\"name\":\"Verena Milde\",\"@id\":\"https:\\\/\\\/zema.de\\\/#\\\/schema\\\/person\\\/9f8eda3ce58363025099ef8cf8fc2198\"},\"headline\":\"TraSaar &#8211; Abschlussveranstaltung\",\"datePublished\":\"2025-11-17T07:59:38+00:00\",\"dateModified\":\"2025-12-09T08:37:31+00:00\",\"mainEntityOfPage\":{\"@id\":\"https:\\\/\\\/zema.de\\\/2025\\\/11\\\/17\\\/trasaar-abschlussveranstaltung\\\/\"},\"wordCount\":343,\"image\":{\"@id\":\"https:\\\/\\\/zema.de\\\/2025\\\/11\\\/17\\\/trasaar-abschlussveranstaltung\\\/#primaryimage\"},\"thumbnailUrl\":\"https:\\\/\\\/zema.de\\\/wp-content\\\/uploads\\\/2025\\\/12\\\/6.jpg\",\"articleSection\":[\"ZeMA News\"],\"inLanguage\":\"fr-FR\"},{\"@type\":\"WebPage\",\"@id\":\"https:\\\/\\\/zema.de\\\/2025\\\/11\\\/17\\\/trasaar-abschlussveranstaltung\\\/\",\"url\":\"https:\\\/\\\/zema.de\\\/2025\\\/11\\\/17\\\/trasaar-abschlussveranstaltung\\\/\",\"name\":\"TraSaar - Abschlussveranstaltung - fl.zema.de\",\"isPartOf\":{\"@id\":\"https:\\\/\\\/zema.de\\\/#website\"},\"primaryImageOfPage\":{\"@id\":\"https:\\\/\\\/zema.de\\\/2025\\\/11\\\/17\\\/trasaar-abschlussveranstaltung\\\/#primaryimage\"},\"image\":{\"@id\":\"https:\\\/\\\/zema.de\\\/2025\\\/11\\\/17\\\/trasaar-abschlussveranstaltung\\\/#primaryimage\"},\"thumbnailUrl\":\"https:\\\/\\\/zema.de\\\/wp-content\\\/uploads\\\/2025\\\/12\\\/6.jpg\",\"datePublished\":\"2025-11-17T07:59:38+00:00\",\"dateModified\":\"2025-12-09T08:37:31+00:00\",\"author\":{\"@id\":\"https:\\\/\\\/zema.de\\\/#\\\/schema\\\/person\\\/9f8eda3ce58363025099ef8cf8fc2198\"},\"breadcrumb\":{\"@id\":\"https:\\\/\\\/zema.de\\\/2025\\\/11\\\/17\\\/trasaar-abschlussveranstaltung\\\/#breadcrumb\"},\"inLanguage\":\"fr-FR\",\"potentialAction\":[{\"@type\":\"ReadAction\",\"target\":[\"https:\\\/\\\/zema.de\\\/2025\\\/11\\\/17\\\/trasaar-abschlussveranstaltung\\\/\"]}]},{\"@type\":\"ImageObject\",\"inLanguage\":\"fr-FR\",\"@id\":\"https:\\\/\\\/zema.de\\\/2025\\\/11\\\/17\\\/trasaar-abschlussveranstaltung\\\/#primaryimage\",\"url\":\"https:\\\/\\\/zema.de\\\/wp-content\\\/uploads\\\/2025\\\/12\\\/6.jpg\",\"contentUrl\":\"https:\\\/\\\/zema.de\\\/wp-content\\\/uploads\\\/2025\\\/12\\\/6.jpg\",\"width\":866,\"height\":578},{\"@type\":\"BreadcrumbList\",\"@id\":\"https:\\\/\\\/zema.de\\\/2025\\\/11\\\/17\\\/trasaar-abschlussveranstaltung\\\/#breadcrumb\",\"itemListElement\":[{\"@type\":\"ListItem\",\"position\":1,\"name\":\"Startseite\",\"item\":\"https:\\\/\\\/zema.de\\\/\"},{\"@type\":\"ListItem\",\"position\":2,\"name\":\"TraSaar &#8211; Abschlussveranstaltung\"}]},{\"@type\":\"WebSite\",\"@id\":\"https:\\\/\\\/zema.de\\\/#website\",\"url\":\"https:\\\/\\\/zema.de\\\/\",\"name\":\"fl.zema.de\",\"description\":\"Zentrum f\u00fcr Mechatronik und Automatisierungstechnik\",\"potentialAction\":[{\"@type\":\"SearchAction\",\"target\":{\"@type\":\"EntryPoint\",\"urlTemplate\":\"https:\\\/\\\/zema.de\\\/?s={search_term_string}\"},\"query-input\":{\"@type\":\"PropertyValueSpecification\",\"valueRequired\":true,\"valueName\":\"search_term_string\"}}],\"inLanguage\":\"fr-FR\"},{\"@type\":\"Person\",\"@id\":\"https:\\\/\\\/zema.de\\\/#\\\/schema\\\/person\\\/9f8eda3ce58363025099ef8cf8fc2198\",\"name\":\"Verena Milde\",\"image\":{\"@type\":\"ImageObject\",\"inLanguage\":\"fr-FR\",\"@id\":\"https:\\\/\\\/secure.gravatar.com\\\/avatar\\\/b385450529ea92532253064f17380a7119759b84e7211eb2451570829f9011a8?s=96&d=mm&r=g\",\"url\":\"https:\\\/\\\/secure.gravatar.com\\\/avatar\\\/b385450529ea92532253064f17380a7119759b84e7211eb2451570829f9011a8?s=96&d=mm&r=g\",\"contentUrl\":\"https:\\\/\\\/secure.gravatar.com\\\/avatar\\\/b385450529ea92532253064f17380a7119759b84e7211eb2451570829f9011a8?s=96&d=mm&r=g\",\"caption\":\"Verena Milde\"},\"url\":\"https:\\\/\\\/zema.de\\\/fr\\\/author\\\/v-milde\\\/\"}]}<\/script>\n<!-- \/ Yoast SEO plugin. -->","yoast_head_json":{"title":"TraSaar - Abschlussveranstaltung - fl.zema.de","robots":{"index":"index","follow":"follow","max-snippet":"max-snippet:-1","max-image-preview":"max-image-preview:large","max-video-preview":"max-video-preview:-1"},"canonical":"https:\/\/zema.de\/fr\/2025\/11\/17\/trasaar-abschlussveranstaltung\/","og_locale":"fr_FR","og_type":"article","og_title":"TraSaar - Abschlussveranstaltung - fl.zema.de","og_url":"https:\/\/zema.de\/fr\/2025\/11\/17\/trasaar-abschlussveranstaltung\/","og_site_name":"fl.zema.de","article_published_time":"2025-11-17T07:59:38+00:00","article_modified_time":"2025-12-09T08:37:31+00:00","og_image":[{"width":866,"height":578,"url":"https:\/\/zema.de\/wp-content\/uploads\/2025\/12\/6.jpg","type":"image\/jpeg"}],"author":"Verena Milde","twitter_card":"summary_large_image","twitter_misc":{"\u00c9crit par":"Verena Milde","Dur\u00e9e de lecture estim\u00e9e":"3 minutes"},"schema":{"@context":"https:\/\/schema.org","@graph":[{"@type":"Article","@id":"https:\/\/zema.de\/2025\/11\/17\/trasaar-abschlussveranstaltung\/#article","isPartOf":{"@id":"https:\/\/zema.de\/2025\/11\/17\/trasaar-abschlussveranstaltung\/"},"author":{"name":"Verena Milde","@id":"https:\/\/zema.de\/#\/schema\/person\/9f8eda3ce58363025099ef8cf8fc2198"},"headline":"TraSaar &#8211; Abschlussveranstaltung","datePublished":"2025-11-17T07:59:38+00:00","dateModified":"2025-12-09T08:37:31+00:00","mainEntityOfPage":{"@id":"https:\/\/zema.de\/2025\/11\/17\/trasaar-abschlussveranstaltung\/"},"wordCount":343,"image":{"@id":"https:\/\/zema.de\/2025\/11\/17\/trasaar-abschlussveranstaltung\/#primaryimage"},"thumbnailUrl":"https:\/\/zema.de\/wp-content\/uploads\/2025\/12\/6.jpg","articleSection":["ZeMA News"],"inLanguage":"fr-FR"},{"@type":"WebPage","@id":"https:\/\/zema.de\/2025\/11\/17\/trasaar-abschlussveranstaltung\/","url":"https:\/\/zema.de\/2025\/11\/17\/trasaar-abschlussveranstaltung\/","name":"TraSaar - Abschlussveranstaltung - fl.zema.de","isPartOf":{"@id":"https:\/\/zema.de\/#website"},"primaryImageOfPage":{"@id":"https:\/\/zema.de\/2025\/11\/17\/trasaar-abschlussveranstaltung\/#primaryimage"},"image":{"@id":"https:\/\/zema.de\/2025\/11\/17\/trasaar-abschlussveranstaltung\/#primaryimage"},"thumbnailUrl":"https:\/\/zema.de\/wp-content\/uploads\/2025\/12\/6.jpg","datePublished":"2025-11-17T07:59:38+00:00","dateModified":"2025-12-09T08:37:31+00:00","author":{"@id":"https:\/\/zema.de\/#\/schema\/person\/9f8eda3ce58363025099ef8cf8fc2198"},"breadcrumb":{"@id":"https:\/\/zema.de\/2025\/11\/17\/trasaar-abschlussveranstaltung\/#breadcrumb"},"inLanguage":"fr-FR","potentialAction":[{"@type":"ReadAction","target":["https:\/\/zema.de\/2025\/11\/17\/trasaar-abschlussveranstaltung\/"]}]},{"@type":"ImageObject","inLanguage":"fr-FR","@id":"https:\/\/zema.de\/2025\/11\/17\/trasaar-abschlussveranstaltung\/#primaryimage","url":"https:\/\/zema.de\/wp-content\/uploads\/2025\/12\/6.jpg","contentUrl":"https:\/\/zema.de\/wp-content\/uploads\/2025\/12\/6.jpg","width":866,"height":578},{"@type":"BreadcrumbList","@id":"https:\/\/zema.de\/2025\/11\/17\/trasaar-abschlussveranstaltung\/#breadcrumb","itemListElement":[{"@type":"ListItem","position":1,"name":"Startseite","item":"https:\/\/zema.de\/"},{"@type":"ListItem","position":2,"name":"TraSaar &#8211; Abschlussveranstaltung"}]},{"@type":"WebSite","@id":"https:\/\/zema.de\/#website","url":"https:\/\/zema.de\/","name":"fl.zema.de","description":"Zentrum f\u00fcr Mechatronik und Automatisierungstechnik","potentialAction":[{"@type":"SearchAction","target":{"@type":"EntryPoint","urlTemplate":"https:\/\/zema.de\/?s={search_term_string}"},"query-input":{"@type":"PropertyValueSpecification","valueRequired":true,"valueName":"search_term_string"}}],"inLanguage":"fr-FR"},{"@type":"Person","@id":"https:\/\/zema.de\/#\/schema\/person\/9f8eda3ce58363025099ef8cf8fc2198","name":"Verena Milde","image":{"@type":"ImageObject","inLanguage":"fr-FR","@id":"https:\/\/secure.gravatar.com\/avatar\/b385450529ea92532253064f17380a7119759b84e7211eb2451570829f9011a8?s=96&d=mm&r=g","url":"https:\/\/secure.gravatar.com\/avatar\/b385450529ea92532253064f17380a7119759b84e7211eb2451570829f9011a8?s=96&d=mm&r=g","contentUrl":"https:\/\/secure.gravatar.com\/avatar\/b385450529ea92532253064f17380a7119759b84e7211eb2451570829f9011a8?s=96&d=mm&r=g","caption":"Verena Milde"},"url":"https:\/\/zema.de\/fr\/author\/v-milde\/"}]}},"_links":{"self":[{"href":"https:\/\/zema.de\/fr\/wp-json\/wp\/v2\/posts\/19768","targetHints":{"allow":["GET"]}}],"collection":[{"href":"https:\/\/zema.de\/fr\/wp-json\/wp\/v2\/posts"}],"about":[{"href":"https:\/\/zema.de\/fr\/wp-json\/wp\/v2\/types\/post"}],"author":[{"embeddable":true,"href":"https:\/\/zema.de\/fr\/wp-json\/wp\/v2\/users\/21"}],"replies":[{"embeddable":true,"href":"https:\/\/zema.de\/fr\/wp-json\/wp\/v2\/comments?post=19768"}],"version-history":[{"count":3,"href":"https:\/\/zema.de\/fr\/wp-json\/wp\/v2\/posts\/19768\/revisions"}],"predecessor-version":[{"id":19804,"href":"https:\/\/zema.de\/fr\/wp-json\/wp\/v2\/posts\/19768\/revisions\/19804"}],"wp:featuredmedia":[{"embeddable":true,"href":"https:\/\/zema.de\/fr\/wp-json\/wp\/v2\/media\/19769"}],"wp:attachment":[{"href":"https:\/\/zema.de\/fr\/wp-json\/wp\/v2\/media?parent=19768"}],"wp:term":[{"taxonomy":"category","embeddable":true,"href":"https:\/\/zema.de\/fr\/wp-json\/wp\/v2\/categories?post=19768"},{"taxonomy":"post_tag","embeddable":true,"href":"https:\/\/zema.de\/fr\/wp-json\/wp\/v2\/tags?post=19768"}],"curies":[{"name":"wp","href":"https:\/\/api.w.org\/{rel}","templated":true}]}}