{"id":19937,"date":"2026-01-27T08:37:05","date_gmt":"2026-01-27T07:37:05","guid":{"rendered":"https:\/\/zema.de\/?p=19937"},"modified":"2026-01-27T09:35:14","modified_gmt":"2026-01-27T08:35:14","slug":"18-montagetechnik-tagung-effizienzsteigerung-und-transformation","status":"publish","type":"post","link":"https:\/\/zema.de\/fr\/2026\/01\/27\/18-montagetechnik-tagung-effizienzsteigerung-und-transformation\/","title":{"rendered":"18. R\u00e9union de montage:\u00a0 Augmentation de l'efficacit\u00e9 et transformation"},"content":{"rendered":"<div class=\"wpb-content-wrapper\"><div class=\"vc_row wpb_row vc_row-fluid vc_custom_1652774372624\"><div class=\"wpb_column vc_column_container vc_col-sm-6\"><div class=\"vc_column-inner\"><div class=\"wpb_wrapper\">\n\t<div class=\"wpb_text_column wpb_content_element\" >\n\t\t<div class=\"wpb_wrapper\">\n\t\t\t<p>\u2047  22. &amp; 23 avril 2026<\/p>\n<p>Le montage est essentiel au succ\u00e8s de votre entreprise. La diversit\u00e9, le dynamisme et la vitesse ne cessent d'augmenter. Ceux qui ne d\u00e9veloppent pas leurs syst\u00e8mes de montage de mani\u00e8re cons\u00e9quente aujourd'hui perdront demain en efficacit\u00e9 et en comp\u00e9titivit\u00e9.<\/p>\n<p>Voici ce qui vous attend lors de la r\u00e9union:<\/p>\n<ul>\n<li>des conf\u00e9rences pratiques et des bonnes pratiques que vous pouvez mettre en \u0153uvre directement dans votre entreprise<\/li>\n<li>Solutions concr\u00e8tes pour l'organisation, la conception technique et l'exploitation<\/li>\n<li>\u00c9change et mise en r\u00e9seau avec des experts et des coll\u00e8gues de l'industrie.<\/li>\n<\/ul>\n<p>La r\u00e9union est particuli\u00e8rement pertinente pour:<\/p>\n<ul>\n<li>D\u00e9cideurs, planificateurs et d\u00e9veloppeurs<\/li>\n<li>Entreprises avec montage en simple et en petite s\u00e9rie ainsi qu'avec montage en grande s\u00e9rie<\/li>\n<li>\u00c9quipementiers et utilisateurs de syst\u00e8mes de montage<\/li>\n<\/ul>\n<p>Inscrivez-vous maintenant:<\/p>\n<p>B\u00e9n\u00e9ficiez d'une remise de 100 \u20ac sur les r\u00e9servations anticip\u00e9es!<\/p>\n<p>Offre valable jusqu'au 13 f\u00e9vrier 2026<\/p>\n<p>\u2047 <a href=\"https:\/\/montagesysteme.zema.de\/tagung\/\">https:\/\/montagesysteme.zema.de\/tagung\/<\/a><\/p>\n<p>Inscrivez-vous maintenant &amp; pour vous informer dans des conf\u00e9rences et une exposition sur les d\u00e9veloppements actuels et les tendances dans le montage!<\/p>\n\n\t\t<\/div>\n\t<\/div>\n<\/div><\/div><\/div><div class=\"wpb_column vc_column_container vc_col-sm-6\"><div class=\"vc_column-inner\"><div class=\"wpb_wrapper\">\n\t<div  class=\"wpb_single_image wpb_content_element vc_align_left\">\n\t\t\n\t\t<figure class=\"wpb_wrapper vc_figure\">\n\t\t\t<div class=\"vc_single_image-wrapper   vc_box_border_grey\"><img loading=\"lazy\" decoding=\"async\" width=\"1080\" height=\"1350\" src=\"https:\/\/zema.de\/wp-content\/uploads\/2026\/01\/Montage-Tagung_Fruehbucherrabatt_posting.png\" class=\"vc_single_image-img attachment-full\" alt=\"\" title=\"Assemblage R\u00e9union_Remise pour r\u00e9servation anticip\u00e9e_posting\" srcset=\"https:\/\/zema.de\/wp-content\/uploads\/2026\/01\/Montage-Tagung_Fruehbucherrabatt_posting.png 1080w, https:\/\/zema.de\/wp-content\/uploads\/2026\/01\/Montage-Tagung_Fruehbucherrabatt_posting-240x300.png 240w, https:\/\/zema.de\/wp-content\/uploads\/2026\/01\/Montage-Tagung_Fruehbucherrabatt_posting-819x1024.png 819w, https:\/\/zema.de\/wp-content\/uploads\/2026\/01\/Montage-Tagung_Fruehbucherrabatt_posting-768x960.png 768w, https:\/\/zema.de\/wp-content\/uploads\/2026\/01\/Montage-Tagung_Fruehbucherrabatt_posting-10x12.png 10w\" sizes=\"auto, (max-width: 1080px) 100vw, 1080px\"  data-dt-location=\"https:\/\/zema.de\/fr\/montage-tagung_fruehbucherrabatt_posting\/\" \/><\/div>\n\t\t<\/figure>\n\t<\/div>\n<\/div><\/div><\/div><\/div><div class=\"vc_row wpb_row vc_row-fluid\"><div class=\"wpb_column vc_column_container vc_col-sm-12\"><div class=\"vc_column-inner\"><div class=\"wpb_wrapper\"><\/div><\/div><\/div><\/div>\n<\/div>","protected":false},"excerpt":{"rendered":"<p>\u2047  22. &amp; 23 avril 2026 L'assemblage est essentiel au succ\u00e8s de votre entreprise. La diversit\u00e9, le dynamisme et la vitesse ne cessent d'augmenter. Ceux qui ne d\u00e9veloppent pas leurs syst\u00e8mes de montage de mani\u00e8re cons\u00e9quente aujourd'hui perdront demain en efficacit\u00e9 et en comp\u00e9titivit\u00e9. Voici ce qui vous attend lors de la r\u00e9union: des conf\u00e9rences pratiques et des meilleures pratiques que vous pouvez mettre en \u0153uvre directement dans votre...<\/p>","protected":false},"author":21,"featured_media":19936,"comment_status":"closed","ping_status":"closed","sticky":false,"template":"","format":"standard","meta":{"footnotes":""},"categories":[41],"tags":[],"class_list":["post-19937","post","type-post","status-publish","format-standard","has-post-thumbnail","hentry","category-zema-news","category-41","description-off"],"yoast_head":"<!-- This site is optimized with the Yoast SEO plugin v27.5 - https:\/\/yoast.com\/product\/yoast-seo-wordpress\/ -->\n<title>18. Montage-Tagung:\u00a0 Effizienzsteigerung und Transformation - fl.zema.de<\/title>\n<meta name=\"robots\" content=\"index, follow, max-snippet:-1, max-image-preview:large, max-video-preview:-1\" \/>\n<link rel=\"canonical\" href=\"https:\/\/zema.de\/fr\/2026\/01\/27\/18-montagetechnik-tagung-effizienzsteigerung-und-transformation\/\" \/>\n<meta property=\"og:locale\" content=\"fr_FR\" \/>\n<meta property=\"og:type\" content=\"article\" \/>\n<meta property=\"og:title\" content=\"18. Montage-Tagung:\u00a0 Effizienzsteigerung und Transformation - fl.zema.de\" \/>\n<meta property=\"og:url\" content=\"https:\/\/zema.de\/fr\/2026\/01\/27\/18-montagetechnik-tagung-effizienzsteigerung-und-transformation\/\" \/>\n<meta property=\"og:site_name\" content=\"fl.zema.de\" \/>\n<meta property=\"article:published_time\" content=\"2026-01-27T07:37:05+00:00\" \/>\n<meta property=\"article:modified_time\" content=\"2026-01-27T08:35:14+00:00\" \/>\n<meta property=\"og:image\" content=\"https:\/\/zema.de\/wp-content\/uploads\/2026\/01\/Montage-Tagung_Fruehbucherrabatt_posting.png\" \/>\n\t<meta property=\"og:image:width\" content=\"1080\" \/>\n\t<meta property=\"og:image:height\" content=\"1350\" \/>\n\t<meta property=\"og:image:type\" content=\"image\/png\" \/>\n<meta name=\"author\" content=\"Verena Milde\" \/>\n<meta name=\"twitter:card\" content=\"summary_large_image\" \/>\n<meta name=\"twitter:label1\" content=\"\u00c9crit par\" \/>\n\t<meta name=\"twitter:data1\" content=\"Verena Milde\" \/>\n\t<meta name=\"twitter:label2\" content=\"Dur\u00e9e de lecture estim\u00e9e\" \/>\n\t<meta name=\"twitter:data2\" content=\"1 minute\" \/>\n<script type=\"application\/ld+json\" class=\"yoast-schema-graph\">{\"@context\":\"https:\\\/\\\/schema.org\",\"@graph\":[{\"@type\":\"Article\",\"@id\":\"https:\\\/\\\/zema.de\\\/2026\\\/01\\\/27\\\/18-montagetechnik-tagung-effizienzsteigerung-und-transformation\\\/#article\",\"isPartOf\":{\"@id\":\"https:\\\/\\\/zema.de\\\/2026\\\/01\\\/27\\\/18-montagetechnik-tagung-effizienzsteigerung-und-transformation\\\/\"},\"author\":{\"name\":\"Verena Milde\",\"@id\":\"https:\\\/\\\/zema.de\\\/#\\\/schema\\\/person\\\/9f8eda3ce58363025099ef8cf8fc2198\"},\"headline\":\"18. Montage-Tagung:\u00a0 Effizienzsteigerung und Transformation\",\"datePublished\":\"2026-01-27T07:37:05+00:00\",\"dateModified\":\"2026-01-27T08:35:14+00:00\",\"mainEntityOfPage\":{\"@id\":\"https:\\\/\\\/zema.de\\\/2026\\\/01\\\/27\\\/18-montagetechnik-tagung-effizienzsteigerung-und-transformation\\\/\"},\"wordCount\":194,\"image\":{\"@id\":\"https:\\\/\\\/zema.de\\\/2026\\\/01\\\/27\\\/18-montagetechnik-tagung-effizienzsteigerung-und-transformation\\\/#primaryimage\"},\"thumbnailUrl\":\"https:\\\/\\\/zema.de\\\/wp-content\\\/uploads\\\/2026\\\/01\\\/Montage-Tagung_Fruehbucherrabatt_posting.png\",\"articleSection\":[\"ZeMA News\"],\"inLanguage\":\"fr-FR\"},{\"@type\":\"WebPage\",\"@id\":\"https:\\\/\\\/zema.de\\\/2026\\\/01\\\/27\\\/18-montagetechnik-tagung-effizienzsteigerung-und-transformation\\\/\",\"url\":\"https:\\\/\\\/zema.de\\\/2026\\\/01\\\/27\\\/18-montagetechnik-tagung-effizienzsteigerung-und-transformation\\\/\",\"name\":\"18. Montage-Tagung:\u00a0 Effizienzsteigerung und Transformation - fl.zema.de\",\"isPartOf\":{\"@id\":\"https:\\\/\\\/zema.de\\\/#website\"},\"primaryImageOfPage\":{\"@id\":\"https:\\\/\\\/zema.de\\\/2026\\\/01\\\/27\\\/18-montagetechnik-tagung-effizienzsteigerung-und-transformation\\\/#primaryimage\"},\"image\":{\"@id\":\"https:\\\/\\\/zema.de\\\/2026\\\/01\\\/27\\\/18-montagetechnik-tagung-effizienzsteigerung-und-transformation\\\/#primaryimage\"},\"thumbnailUrl\":\"https:\\\/\\\/zema.de\\\/wp-content\\\/uploads\\\/2026\\\/01\\\/Montage-Tagung_Fruehbucherrabatt_posting.png\",\"datePublished\":\"2026-01-27T07:37:05+00:00\",\"dateModified\":\"2026-01-27T08:35:14+00:00\",\"author\":{\"@id\":\"https:\\\/\\\/zema.de\\\/#\\\/schema\\\/person\\\/9f8eda3ce58363025099ef8cf8fc2198\"},\"breadcrumb\":{\"@id\":\"https:\\\/\\\/zema.de\\\/2026\\\/01\\\/27\\\/18-montagetechnik-tagung-effizienzsteigerung-und-transformation\\\/#breadcrumb\"},\"inLanguage\":\"fr-FR\",\"potentialAction\":[{\"@type\":\"ReadAction\",\"target\":[\"https:\\\/\\\/zema.de\\\/2026\\\/01\\\/27\\\/18-montagetechnik-tagung-effizienzsteigerung-und-transformation\\\/\"]}]},{\"@type\":\"ImageObject\",\"inLanguage\":\"fr-FR\",\"@id\":\"https:\\\/\\\/zema.de\\\/2026\\\/01\\\/27\\\/18-montagetechnik-tagung-effizienzsteigerung-und-transformation\\\/#primaryimage\",\"url\":\"https:\\\/\\\/zema.de\\\/wp-content\\\/uploads\\\/2026\\\/01\\\/Montage-Tagung_Fruehbucherrabatt_posting.png\",\"contentUrl\":\"https:\\\/\\\/zema.de\\\/wp-content\\\/uploads\\\/2026\\\/01\\\/Montage-Tagung_Fruehbucherrabatt_posting.png\",\"width\":1080,\"height\":1350},{\"@type\":\"BreadcrumbList\",\"@id\":\"https:\\\/\\\/zema.de\\\/2026\\\/01\\\/27\\\/18-montagetechnik-tagung-effizienzsteigerung-und-transformation\\\/#breadcrumb\",\"itemListElement\":[{\"@type\":\"ListItem\",\"position\":1,\"name\":\"Startseite\",\"item\":\"https:\\\/\\\/zema.de\\\/\"},{\"@type\":\"ListItem\",\"position\":2,\"name\":\"18. Montage-Tagung:\u00a0 Effizienzsteigerung und Transformation\"}]},{\"@type\":\"WebSite\",\"@id\":\"https:\\\/\\\/zema.de\\\/#website\",\"url\":\"https:\\\/\\\/zema.de\\\/\",\"name\":\"fl.zema.de\",\"description\":\"Zentrum f\u00fcr Mechatronik und Automatisierungstechnik\",\"potentialAction\":[{\"@type\":\"SearchAction\",\"target\":{\"@type\":\"EntryPoint\",\"urlTemplate\":\"https:\\\/\\\/zema.de\\\/?s={search_term_string}\"},\"query-input\":{\"@type\":\"PropertyValueSpecification\",\"valueRequired\":true,\"valueName\":\"search_term_string\"}}],\"inLanguage\":\"fr-FR\"},{\"@type\":\"Person\",\"@id\":\"https:\\\/\\\/zema.de\\\/#\\\/schema\\\/person\\\/9f8eda3ce58363025099ef8cf8fc2198\",\"name\":\"Verena Milde\",\"image\":{\"@type\":\"ImageObject\",\"inLanguage\":\"fr-FR\",\"@id\":\"https:\\\/\\\/secure.gravatar.com\\\/avatar\\\/b385450529ea92532253064f17380a7119759b84e7211eb2451570829f9011a8?s=96&d=mm&r=g\",\"url\":\"https:\\\/\\\/secure.gravatar.com\\\/avatar\\\/b385450529ea92532253064f17380a7119759b84e7211eb2451570829f9011a8?s=96&d=mm&r=g\",\"contentUrl\":\"https:\\\/\\\/secure.gravatar.com\\\/avatar\\\/b385450529ea92532253064f17380a7119759b84e7211eb2451570829f9011a8?s=96&d=mm&r=g\",\"caption\":\"Verena Milde\"},\"url\":\"https:\\\/\\\/zema.de\\\/fr\\\/author\\\/v-milde\\\/\"}]}<\/script>\n<!-- \/ Yoast SEO plugin. -->","yoast_head_json":{"title":"18. Montage-Tagung:\u00a0 Effizienzsteigerung und Transformation - fl.zema.de","robots":{"index":"index","follow":"follow","max-snippet":"max-snippet:-1","max-image-preview":"max-image-preview:large","max-video-preview":"max-video-preview:-1"},"canonical":"https:\/\/zema.de\/fr\/2026\/01\/27\/18-montagetechnik-tagung-effizienzsteigerung-und-transformation\/","og_locale":"fr_FR","og_type":"article","og_title":"18. Montage-Tagung:\u00a0 Effizienzsteigerung und Transformation - fl.zema.de","og_url":"https:\/\/zema.de\/fr\/2026\/01\/27\/18-montagetechnik-tagung-effizienzsteigerung-und-transformation\/","og_site_name":"fl.zema.de","article_published_time":"2026-01-27T07:37:05+00:00","article_modified_time":"2026-01-27T08:35:14+00:00","og_image":[{"width":1080,"height":1350,"url":"https:\/\/zema.de\/wp-content\/uploads\/2026\/01\/Montage-Tagung_Fruehbucherrabatt_posting.png","type":"image\/png"}],"author":"Verena Milde","twitter_card":"summary_large_image","twitter_misc":{"\u00c9crit par":"Verena Milde","Dur\u00e9e de lecture estim\u00e9e":"1 minute"},"schema":{"@context":"https:\/\/schema.org","@graph":[{"@type":"Article","@id":"https:\/\/zema.de\/2026\/01\/27\/18-montagetechnik-tagung-effizienzsteigerung-und-transformation\/#article","isPartOf":{"@id":"https:\/\/zema.de\/2026\/01\/27\/18-montagetechnik-tagung-effizienzsteigerung-und-transformation\/"},"author":{"name":"Verena Milde","@id":"https:\/\/zema.de\/#\/schema\/person\/9f8eda3ce58363025099ef8cf8fc2198"},"headline":"18. Montage-Tagung:\u00a0 Effizienzsteigerung und Transformation","datePublished":"2026-01-27T07:37:05+00:00","dateModified":"2026-01-27T08:35:14+00:00","mainEntityOfPage":{"@id":"https:\/\/zema.de\/2026\/01\/27\/18-montagetechnik-tagung-effizienzsteigerung-und-transformation\/"},"wordCount":194,"image":{"@id":"https:\/\/zema.de\/2026\/01\/27\/18-montagetechnik-tagung-effizienzsteigerung-und-transformation\/#primaryimage"},"thumbnailUrl":"https:\/\/zema.de\/wp-content\/uploads\/2026\/01\/Montage-Tagung_Fruehbucherrabatt_posting.png","articleSection":["ZeMA News"],"inLanguage":"fr-FR"},{"@type":"WebPage","@id":"https:\/\/zema.de\/2026\/01\/27\/18-montagetechnik-tagung-effizienzsteigerung-und-transformation\/","url":"https:\/\/zema.de\/2026\/01\/27\/18-montagetechnik-tagung-effizienzsteigerung-und-transformation\/","name":"18. Montage-Tagung:\u00a0 Effizienzsteigerung und Transformation - fl.zema.de","isPartOf":{"@id":"https:\/\/zema.de\/#website"},"primaryImageOfPage":{"@id":"https:\/\/zema.de\/2026\/01\/27\/18-montagetechnik-tagung-effizienzsteigerung-und-transformation\/#primaryimage"},"image":{"@id":"https:\/\/zema.de\/2026\/01\/27\/18-montagetechnik-tagung-effizienzsteigerung-und-transformation\/#primaryimage"},"thumbnailUrl":"https:\/\/zema.de\/wp-content\/uploads\/2026\/01\/Montage-Tagung_Fruehbucherrabatt_posting.png","datePublished":"2026-01-27T07:37:05+00:00","dateModified":"2026-01-27T08:35:14+00:00","author":{"@id":"https:\/\/zema.de\/#\/schema\/person\/9f8eda3ce58363025099ef8cf8fc2198"},"breadcrumb":{"@id":"https:\/\/zema.de\/2026\/01\/27\/18-montagetechnik-tagung-effizienzsteigerung-und-transformation\/#breadcrumb"},"inLanguage":"fr-FR","potentialAction":[{"@type":"ReadAction","target":["https:\/\/zema.de\/2026\/01\/27\/18-montagetechnik-tagung-effizienzsteigerung-und-transformation\/"]}]},{"@type":"ImageObject","inLanguage":"fr-FR","@id":"https:\/\/zema.de\/2026\/01\/27\/18-montagetechnik-tagung-effizienzsteigerung-und-transformation\/#primaryimage","url":"https:\/\/zema.de\/wp-content\/uploads\/2026\/01\/Montage-Tagung_Fruehbucherrabatt_posting.png","contentUrl":"https:\/\/zema.de\/wp-content\/uploads\/2026\/01\/Montage-Tagung_Fruehbucherrabatt_posting.png","width":1080,"height":1350},{"@type":"BreadcrumbList","@id":"https:\/\/zema.de\/2026\/01\/27\/18-montagetechnik-tagung-effizienzsteigerung-und-transformation\/#breadcrumb","itemListElement":[{"@type":"ListItem","position":1,"name":"Startseite","item":"https:\/\/zema.de\/"},{"@type":"ListItem","position":2,"name":"18. Montage-Tagung:\u00a0 Effizienzsteigerung und Transformation"}]},{"@type":"WebSite","@id":"https:\/\/zema.de\/#website","url":"https:\/\/zema.de\/","name":"fl.zema.de","description":"Zentrum f\u00fcr Mechatronik und Automatisierungstechnik","potentialAction":[{"@type":"SearchAction","target":{"@type":"EntryPoint","urlTemplate":"https:\/\/zema.de\/?s={search_term_string}"},"query-input":{"@type":"PropertyValueSpecification","valueRequired":true,"valueName":"search_term_string"}}],"inLanguage":"fr-FR"},{"@type":"Person","@id":"https:\/\/zema.de\/#\/schema\/person\/9f8eda3ce58363025099ef8cf8fc2198","name":"Verena Milde","image":{"@type":"ImageObject","inLanguage":"fr-FR","@id":"https:\/\/secure.gravatar.com\/avatar\/b385450529ea92532253064f17380a7119759b84e7211eb2451570829f9011a8?s=96&d=mm&r=g","url":"https:\/\/secure.gravatar.com\/avatar\/b385450529ea92532253064f17380a7119759b84e7211eb2451570829f9011a8?s=96&d=mm&r=g","contentUrl":"https:\/\/secure.gravatar.com\/avatar\/b385450529ea92532253064f17380a7119759b84e7211eb2451570829f9011a8?s=96&d=mm&r=g","caption":"Verena Milde"},"url":"https:\/\/zema.de\/fr\/author\/v-milde\/"}]}},"_links":{"self":[{"href":"https:\/\/zema.de\/fr\/wp-json\/wp\/v2\/posts\/19937","targetHints":{"allow":["GET"]}}],"collection":[{"href":"https:\/\/zema.de\/fr\/wp-json\/wp\/v2\/posts"}],"about":[{"href":"https:\/\/zema.de\/fr\/wp-json\/wp\/v2\/types\/post"}],"author":[{"embeddable":true,"href":"https:\/\/zema.de\/fr\/wp-json\/wp\/v2\/users\/21"}],"replies":[{"embeddable":true,"href":"https:\/\/zema.de\/fr\/wp-json\/wp\/v2\/comments?post=19937"}],"version-history":[{"count":2,"href":"https:\/\/zema.de\/fr\/wp-json\/wp\/v2\/posts\/19937\/revisions"}],"predecessor-version":[{"id":19943,"href":"https:\/\/zema.de\/fr\/wp-json\/wp\/v2\/posts\/19937\/revisions\/19943"}],"wp:featuredmedia":[{"embeddable":true,"href":"https:\/\/zema.de\/fr\/wp-json\/wp\/v2\/media\/19936"}],"wp:attachment":[{"href":"https:\/\/zema.de\/fr\/wp-json\/wp\/v2\/media?parent=19937"}],"wp:term":[{"taxonomy":"category","embeddable":true,"href":"https:\/\/zema.de\/fr\/wp-json\/wp\/v2\/categories?post=19937"},{"taxonomy":"post_tag","embeddable":true,"href":"https:\/\/zema.de\/fr\/wp-json\/wp\/v2\/tags?post=19937"}],"curies":[{"name":"wp","href":"https:\/\/api.w.org\/{rel}","templated":true}]}}