{"id":20230,"date":"2026-03-08T11:08:33","date_gmt":"2026-03-08T10:08:33","guid":{"rendered":"https:\/\/zema.de\/?p=20230"},"modified":"2026-03-09T11:11:44","modified_gmt":"2026-03-09T10:11:44","slug":"starke-frauen-starke-wissenschaft","status":"publish","type":"post","link":"https:\/\/zema.de\/fr\/2026\/03\/08\/starke-frauen-starke-wissenschaft\/","title":{"rendered":"Femmes fortes \u2013 Sciences fortes"},"content":{"rendered":"<div class=\"wpb-content-wrapper\"><div class=\"vc_row wpb_row vc_row-fluid vc_custom_1652774372624\"><div class=\"wpb_column vc_column_container vc_col-sm-6\"><div class=\"vc_column-inner\"><div class=\"wpb_wrapper\">\n\t<div class=\"wpb_text_column wpb_content_element\" >\n\t\t<div class=\"wpb_wrapper\">\n\t\t\t<p>\u00c0 l'occasion de la Journ\u00e9e internationale de la femme, nous souhaitons rendre hommage aux femmes formidables qui, \u00e0 l'occasion du ZeMA, font progresser chaque jour la recherche et le d\u00e9veloppement gr\u00e2ce \u00e0 leurs connaissances, leur cr\u00e9ativit\u00e9 et leur capacit\u00e9 d'innovation.<br \/>\nNos femmes scientifiques fa\u00e7onnent les nouvelles technologies, tout en \u00e9tant des mod\u00e8les importants pour les jeunes filles passionn\u00e9es par la technologie, les sciences et la recherche.<\/p>\n<p>Plus de visibilit\u00e9, plus d'opportunit\u00e9s, plus de diversit\u00e9: Ensemble, nous cr\u00e9ons un monde de la recherche plus juste. \ud83d\udca1<\/p>\n\n\t\t<\/div>\n\t<\/div>\n<\/div><\/div><\/div><div class=\"wpb_column vc_column_container vc_col-sm-6\"><div class=\"vc_column-inner\"><div class=\"wpb_wrapper\">\n\t<div  class=\"wpb_single_image wpb_content_element vc_align_left\">\n\t\t\n\t\t<figure class=\"wpb_wrapper vc_figure\">\n\t\t\t<div class=\"vc_single_image-wrapper   vc_box_border_grey\"><img loading=\"lazy\" decoding=\"async\" width=\"2016\" height=\"1512\" src=\"https:\/\/zema.de\/wp-content\/uploads\/2026\/03\/Weltfrauentag-2026.jpg\" class=\"vc_single_image-img attachment-full\" alt=\"\" title=\"Journ\u00e9e mondiale de la femme 2026\" srcset=\"https:\/\/zema.de\/wp-content\/uploads\/2026\/03\/Weltfrauentag-2026.jpg 2016w, https:\/\/zema.de\/wp-content\/uploads\/2026\/03\/Weltfrauentag-2026-300x225.jpg 300w, https:\/\/zema.de\/wp-content\/uploads\/2026\/03\/Weltfrauentag-2026-1024x768.jpg 1024w, https:\/\/zema.de\/wp-content\/uploads\/2026\/03\/Weltfrauentag-2026-768x576.jpg 768w, https:\/\/zema.de\/wp-content\/uploads\/2026\/03\/Weltfrauentag-2026-1536x1152.jpg 1536w, https:\/\/zema.de\/wp-content\/uploads\/2026\/03\/Weltfrauentag-2026-16x12.jpg 16w\" sizes=\"auto, (max-width: 2016px) 100vw, 2016px\"  data-dt-location=\"https:\/\/zema.de\/fr\/weltfrauentag-2026\/\" \/><\/div>\n\t\t<\/figure>\n\t<\/div>\n<\/div><\/div><\/div><\/div><div class=\"vc_row wpb_row vc_row-fluid\"><div class=\"wpb_column vc_column_container vc_col-sm-12\"><div class=\"vc_column-inner\"><div class=\"wpb_wrapper\"><\/div><\/div><\/div><\/div>\n<\/div>","protected":false},"excerpt":{"rendered":"<p>\u00c0 l'occasion de la Journ\u00e9e internationale de la femme, nous souhaitons rendre hommage aux femmes formidables qui, \u00e0 l'occasion du ZeMA, font progresser chaque jour la recherche et le d\u00e9veloppement gr\u00e2ce \u00e0 leurs connaissances, leur cr\u00e9ativit\u00e9 et leur capacit\u00e9 d'innovation. Nos femmes scientifiques fa\u00e7onnent les nouvelles technologies, tout en \u00e9tant des mod\u00e8les importants pour les jeunes filles passionn\u00e9es par la technologie, les sciences et la recherche. Plus de visibilit\u00e9, plus d'opportunit\u00e9s, plus de diversit\u00e9: \u2026 en commun<\/p>","protected":false},"author":21,"featured_media":20229,"comment_status":"closed","ping_status":"closed","sticky":false,"template":"","format":"standard","meta":{"footnotes":""},"categories":[41],"tags":[],"class_list":["post-20230","post","type-post","status-publish","format-standard","has-post-thumbnail","hentry","category-zema-news","category-41","description-off"],"yoast_head":"<!-- This site is optimized with the Yoast SEO plugin v27.4 - https:\/\/yoast.com\/product\/yoast-seo-wordpress\/ -->\n<title>Starke Frauen - Starke Wissenschaft - fl.zema.de<\/title>\n<meta name=\"robots\" content=\"index, follow, max-snippet:-1, max-image-preview:large, max-video-preview:-1\" \/>\n<link rel=\"canonical\" href=\"https:\/\/zema.de\/fr\/2026\/03\/08\/starke-frauen-starke-wissenschaft\/\" \/>\n<meta property=\"og:locale\" content=\"fr_FR\" \/>\n<meta property=\"og:type\" content=\"article\" \/>\n<meta property=\"og:title\" content=\"Starke Frauen - Starke Wissenschaft - fl.zema.de\" \/>\n<meta property=\"og:url\" content=\"https:\/\/zema.de\/fr\/2026\/03\/08\/starke-frauen-starke-wissenschaft\/\" \/>\n<meta property=\"og:site_name\" content=\"fl.zema.de\" \/>\n<meta property=\"article:published_time\" content=\"2026-03-08T10:08:33+00:00\" \/>\n<meta property=\"article:modified_time\" content=\"2026-03-09T10:11:44+00:00\" \/>\n<meta property=\"og:image\" content=\"https:\/\/zema.de\/wp-content\/uploads\/2026\/03\/Weltfrauentag-2026.jpg\" \/>\n\t<meta property=\"og:image:width\" content=\"2016\" \/>\n\t<meta property=\"og:image:height\" content=\"1512\" \/>\n\t<meta property=\"og:image:type\" content=\"image\/jpeg\" \/>\n<meta name=\"author\" content=\"Verena Milde\" \/>\n<meta name=\"twitter:card\" content=\"summary_large_image\" \/>\n<meta name=\"twitter:label1\" content=\"\u00c9crit par\" \/>\n\t<meta name=\"twitter:data1\" content=\"Verena Milde\" \/>\n\t<meta name=\"twitter:label2\" content=\"Dur\u00e9e de lecture estim\u00e9e\" \/>\n\t<meta name=\"twitter:data2\" content=\"1 minute\" \/>\n<script type=\"application\/ld+json\" class=\"yoast-schema-graph\">{\"@context\":\"https:\\\/\\\/schema.org\",\"@graph\":[{\"@type\":\"Article\",\"@id\":\"https:\\\/\\\/zema.de\\\/2026\\\/03\\\/08\\\/starke-frauen-starke-wissenschaft\\\/#article\",\"isPartOf\":{\"@id\":\"https:\\\/\\\/zema.de\\\/2026\\\/03\\\/08\\\/starke-frauen-starke-wissenschaft\\\/\"},\"author\":{\"name\":\"Verena Milde\",\"@id\":\"https:\\\/\\\/zema.de\\\/#\\\/schema\\\/person\\\/9f8eda3ce58363025099ef8cf8fc2198\"},\"headline\":\"Starke Frauen &#8211; Starke Wissenschaft\",\"datePublished\":\"2026-03-08T10:08:33+00:00\",\"dateModified\":\"2026-03-09T10:11:44+00:00\",\"mainEntityOfPage\":{\"@id\":\"https:\\\/\\\/zema.de\\\/2026\\\/03\\\/08\\\/starke-frauen-starke-wissenschaft\\\/\"},\"wordCount\":124,\"image\":{\"@id\":\"https:\\\/\\\/zema.de\\\/2026\\\/03\\\/08\\\/starke-frauen-starke-wissenschaft\\\/#primaryimage\"},\"thumbnailUrl\":\"https:\\\/\\\/zema.de\\\/wp-content\\\/uploads\\\/2026\\\/03\\\/Weltfrauentag-2026.jpg\",\"articleSection\":[\"ZeMA News\"],\"inLanguage\":\"fr-FR\"},{\"@type\":\"WebPage\",\"@id\":\"https:\\\/\\\/zema.de\\\/2026\\\/03\\\/08\\\/starke-frauen-starke-wissenschaft\\\/\",\"url\":\"https:\\\/\\\/zema.de\\\/2026\\\/03\\\/08\\\/starke-frauen-starke-wissenschaft\\\/\",\"name\":\"Starke Frauen - Starke Wissenschaft - fl.zema.de\",\"isPartOf\":{\"@id\":\"https:\\\/\\\/zema.de\\\/#website\"},\"primaryImageOfPage\":{\"@id\":\"https:\\\/\\\/zema.de\\\/2026\\\/03\\\/08\\\/starke-frauen-starke-wissenschaft\\\/#primaryimage\"},\"image\":{\"@id\":\"https:\\\/\\\/zema.de\\\/2026\\\/03\\\/08\\\/starke-frauen-starke-wissenschaft\\\/#primaryimage\"},\"thumbnailUrl\":\"https:\\\/\\\/zema.de\\\/wp-content\\\/uploads\\\/2026\\\/03\\\/Weltfrauentag-2026.jpg\",\"datePublished\":\"2026-03-08T10:08:33+00:00\",\"dateModified\":\"2026-03-09T10:11:44+00:00\",\"author\":{\"@id\":\"https:\\\/\\\/zema.de\\\/#\\\/schema\\\/person\\\/9f8eda3ce58363025099ef8cf8fc2198\"},\"breadcrumb\":{\"@id\":\"https:\\\/\\\/zema.de\\\/2026\\\/03\\\/08\\\/starke-frauen-starke-wissenschaft\\\/#breadcrumb\"},\"inLanguage\":\"fr-FR\",\"potentialAction\":[{\"@type\":\"ReadAction\",\"target\":[\"https:\\\/\\\/zema.de\\\/2026\\\/03\\\/08\\\/starke-frauen-starke-wissenschaft\\\/\"]}]},{\"@type\":\"ImageObject\",\"inLanguage\":\"fr-FR\",\"@id\":\"https:\\\/\\\/zema.de\\\/2026\\\/03\\\/08\\\/starke-frauen-starke-wissenschaft\\\/#primaryimage\",\"url\":\"https:\\\/\\\/zema.de\\\/wp-content\\\/uploads\\\/2026\\\/03\\\/Weltfrauentag-2026.jpg\",\"contentUrl\":\"https:\\\/\\\/zema.de\\\/wp-content\\\/uploads\\\/2026\\\/03\\\/Weltfrauentag-2026.jpg\",\"width\":2016,\"height\":1512},{\"@type\":\"BreadcrumbList\",\"@id\":\"https:\\\/\\\/zema.de\\\/2026\\\/03\\\/08\\\/starke-frauen-starke-wissenschaft\\\/#breadcrumb\",\"itemListElement\":[{\"@type\":\"ListItem\",\"position\":1,\"name\":\"Startseite\",\"item\":\"https:\\\/\\\/zema.de\\\/\"},{\"@type\":\"ListItem\",\"position\":2,\"name\":\"Starke Frauen &#8211; Starke Wissenschaft\"}]},{\"@type\":\"WebSite\",\"@id\":\"https:\\\/\\\/zema.de\\\/#website\",\"url\":\"https:\\\/\\\/zema.de\\\/\",\"name\":\"fl.zema.de\",\"description\":\"Zentrum f\u00fcr Mechatronik und Automatisierungstechnik\",\"potentialAction\":[{\"@type\":\"SearchAction\",\"target\":{\"@type\":\"EntryPoint\",\"urlTemplate\":\"https:\\\/\\\/zema.de\\\/?s={search_term_string}\"},\"query-input\":{\"@type\":\"PropertyValueSpecification\",\"valueRequired\":true,\"valueName\":\"search_term_string\"}}],\"inLanguage\":\"fr-FR\"},{\"@type\":\"Person\",\"@id\":\"https:\\\/\\\/zema.de\\\/#\\\/schema\\\/person\\\/9f8eda3ce58363025099ef8cf8fc2198\",\"name\":\"Verena Milde\",\"image\":{\"@type\":\"ImageObject\",\"inLanguage\":\"fr-FR\",\"@id\":\"https:\\\/\\\/secure.gravatar.com\\\/avatar\\\/b385450529ea92532253064f17380a7119759b84e7211eb2451570829f9011a8?s=96&d=mm&r=g\",\"url\":\"https:\\\/\\\/secure.gravatar.com\\\/avatar\\\/b385450529ea92532253064f17380a7119759b84e7211eb2451570829f9011a8?s=96&d=mm&r=g\",\"contentUrl\":\"https:\\\/\\\/secure.gravatar.com\\\/avatar\\\/b385450529ea92532253064f17380a7119759b84e7211eb2451570829f9011a8?s=96&d=mm&r=g\",\"caption\":\"Verena Milde\"},\"url\":\"https:\\\/\\\/zema.de\\\/fr\\\/author\\\/v-milde\\\/\"}]}<\/script>\n<!-- \/ Yoast SEO plugin. -->","yoast_head_json":{"title":"Starke Frauen - Starke Wissenschaft - fl.zema.de","robots":{"index":"index","follow":"follow","max-snippet":"max-snippet:-1","max-image-preview":"max-image-preview:large","max-video-preview":"max-video-preview:-1"},"canonical":"https:\/\/zema.de\/fr\/2026\/03\/08\/starke-frauen-starke-wissenschaft\/","og_locale":"fr_FR","og_type":"article","og_title":"Starke Frauen - Starke Wissenschaft - fl.zema.de","og_url":"https:\/\/zema.de\/fr\/2026\/03\/08\/starke-frauen-starke-wissenschaft\/","og_site_name":"fl.zema.de","article_published_time":"2026-03-08T10:08:33+00:00","article_modified_time":"2026-03-09T10:11:44+00:00","og_image":[{"width":2016,"height":1512,"url":"https:\/\/zema.de\/wp-content\/uploads\/2026\/03\/Weltfrauentag-2026.jpg","type":"image\/jpeg"}],"author":"Verena Milde","twitter_card":"summary_large_image","twitter_misc":{"\u00c9crit par":"Verena Milde","Dur\u00e9e de lecture estim\u00e9e":"1 minute"},"schema":{"@context":"https:\/\/schema.org","@graph":[{"@type":"Article","@id":"https:\/\/zema.de\/2026\/03\/08\/starke-frauen-starke-wissenschaft\/#article","isPartOf":{"@id":"https:\/\/zema.de\/2026\/03\/08\/starke-frauen-starke-wissenschaft\/"},"author":{"name":"Verena Milde","@id":"https:\/\/zema.de\/#\/schema\/person\/9f8eda3ce58363025099ef8cf8fc2198"},"headline":"Starke Frauen &#8211; Starke Wissenschaft","datePublished":"2026-03-08T10:08:33+00:00","dateModified":"2026-03-09T10:11:44+00:00","mainEntityOfPage":{"@id":"https:\/\/zema.de\/2026\/03\/08\/starke-frauen-starke-wissenschaft\/"},"wordCount":124,"image":{"@id":"https:\/\/zema.de\/2026\/03\/08\/starke-frauen-starke-wissenschaft\/#primaryimage"},"thumbnailUrl":"https:\/\/zema.de\/wp-content\/uploads\/2026\/03\/Weltfrauentag-2026.jpg","articleSection":["ZeMA News"],"inLanguage":"fr-FR"},{"@type":"WebPage","@id":"https:\/\/zema.de\/2026\/03\/08\/starke-frauen-starke-wissenschaft\/","url":"https:\/\/zema.de\/2026\/03\/08\/starke-frauen-starke-wissenschaft\/","name":"Starke Frauen - Starke Wissenschaft - fl.zema.de","isPartOf":{"@id":"https:\/\/zema.de\/#website"},"primaryImageOfPage":{"@id":"https:\/\/zema.de\/2026\/03\/08\/starke-frauen-starke-wissenschaft\/#primaryimage"},"image":{"@id":"https:\/\/zema.de\/2026\/03\/08\/starke-frauen-starke-wissenschaft\/#primaryimage"},"thumbnailUrl":"https:\/\/zema.de\/wp-content\/uploads\/2026\/03\/Weltfrauentag-2026.jpg","datePublished":"2026-03-08T10:08:33+00:00","dateModified":"2026-03-09T10:11:44+00:00","author":{"@id":"https:\/\/zema.de\/#\/schema\/person\/9f8eda3ce58363025099ef8cf8fc2198"},"breadcrumb":{"@id":"https:\/\/zema.de\/2026\/03\/08\/starke-frauen-starke-wissenschaft\/#breadcrumb"},"inLanguage":"fr-FR","potentialAction":[{"@type":"ReadAction","target":["https:\/\/zema.de\/2026\/03\/08\/starke-frauen-starke-wissenschaft\/"]}]},{"@type":"ImageObject","inLanguage":"fr-FR","@id":"https:\/\/zema.de\/2026\/03\/08\/starke-frauen-starke-wissenschaft\/#primaryimage","url":"https:\/\/zema.de\/wp-content\/uploads\/2026\/03\/Weltfrauentag-2026.jpg","contentUrl":"https:\/\/zema.de\/wp-content\/uploads\/2026\/03\/Weltfrauentag-2026.jpg","width":2016,"height":1512},{"@type":"BreadcrumbList","@id":"https:\/\/zema.de\/2026\/03\/08\/starke-frauen-starke-wissenschaft\/#breadcrumb","itemListElement":[{"@type":"ListItem","position":1,"name":"Startseite","item":"https:\/\/zema.de\/"},{"@type":"ListItem","position":2,"name":"Starke Frauen &#8211; Starke Wissenschaft"}]},{"@type":"WebSite","@id":"https:\/\/zema.de\/#website","url":"https:\/\/zema.de\/","name":"fl.zema.de","description":"Zentrum f\u00fcr Mechatronik und Automatisierungstechnik","potentialAction":[{"@type":"SearchAction","target":{"@type":"EntryPoint","urlTemplate":"https:\/\/zema.de\/?s={search_term_string}"},"query-input":{"@type":"PropertyValueSpecification","valueRequired":true,"valueName":"search_term_string"}}],"inLanguage":"fr-FR"},{"@type":"Person","@id":"https:\/\/zema.de\/#\/schema\/person\/9f8eda3ce58363025099ef8cf8fc2198","name":"Verena Milde","image":{"@type":"ImageObject","inLanguage":"fr-FR","@id":"https:\/\/secure.gravatar.com\/avatar\/b385450529ea92532253064f17380a7119759b84e7211eb2451570829f9011a8?s=96&d=mm&r=g","url":"https:\/\/secure.gravatar.com\/avatar\/b385450529ea92532253064f17380a7119759b84e7211eb2451570829f9011a8?s=96&d=mm&r=g","contentUrl":"https:\/\/secure.gravatar.com\/avatar\/b385450529ea92532253064f17380a7119759b84e7211eb2451570829f9011a8?s=96&d=mm&r=g","caption":"Verena Milde"},"url":"https:\/\/zema.de\/fr\/author\/v-milde\/"}]}},"_links":{"self":[{"href":"https:\/\/zema.de\/fr\/wp-json\/wp\/v2\/posts\/20230","targetHints":{"allow":["GET"]}}],"collection":[{"href":"https:\/\/zema.de\/fr\/wp-json\/wp\/v2\/posts"}],"about":[{"href":"https:\/\/zema.de\/fr\/wp-json\/wp\/v2\/types\/post"}],"author":[{"embeddable":true,"href":"https:\/\/zema.de\/fr\/wp-json\/wp\/v2\/users\/21"}],"replies":[{"embeddable":true,"href":"https:\/\/zema.de\/fr\/wp-json\/wp\/v2\/comments?post=20230"}],"version-history":[{"count":1,"href":"https:\/\/zema.de\/fr\/wp-json\/wp\/v2\/posts\/20230\/revisions"}],"predecessor-version":[{"id":20231,"href":"https:\/\/zema.de\/fr\/wp-json\/wp\/v2\/posts\/20230\/revisions\/20231"}],"wp:featuredmedia":[{"embeddable":true,"href":"https:\/\/zema.de\/fr\/wp-json\/wp\/v2\/media\/20229"}],"wp:attachment":[{"href":"https:\/\/zema.de\/fr\/wp-json\/wp\/v2\/media?parent=20230"}],"wp:term":[{"taxonomy":"category","embeddable":true,"href":"https:\/\/zema.de\/fr\/wp-json\/wp\/v2\/categories?post=20230"},{"taxonomy":"post_tag","embeddable":true,"href":"https:\/\/zema.de\/fr\/wp-json\/wp\/v2\/tags?post=20230"}],"curies":[{"name":"wp","href":"https:\/\/api.w.org\/{rel}","templated":true}]}}