{"id":20542,"date":"2026-09-02T15:41:21","date_gmt":"2026-09-02T13:41:21","guid":{"rendered":"https:\/\/zema.de\/?p=20542"},"modified":"2026-09-02T15:41:21","modified_gmt":"2026-09-02T13:41:21","slug":"einladung-zur-abschlussveranstaltung-vprosaar","status":"publish","type":"post","link":"https:\/\/zema.de\/fr\/2026\/09\/02\/einladung-zur-abschlussveranstaltung-vprosaar\/","title":{"rendered":"Invitation \u00e0 la c\u00e9r\u00e9monie de cl\u00f4ture: VProSaar"},"content":{"rendered":"<div class=\"wpb-content-wrapper\" id=\"wpb-content-root\"><div class=\"vc_row wpb_row vc_row-fluid vc_custom_1652774372624\"><div class=\"wpb_column vc_column_container vc_col-sm-6\"><div class=\"vc_column-inner\"><div class=\"wpb_wrapper\">\n\t<div class=\"wpb_text_column wpb_content_element\" >\n\t\t<div class=\"wpb_wrapper\">\n\t\t\t<p class=\"font-claude-response-body\" style=\"text-align: center;\" align=\"center\"><b><span style=\"font-size: 14.0pt; font-family: 'Arial',sans-serif; color: #00b0f0;\">Quatre ans de recherche, un apr\u00e8s-midi plein d'impulsions.<\/span><\/b><\/p>\n<p>La transformation structurelle de l\u2019industrie automobile \u2013 d\u00e9carbonation, \u00e9lectrification, volatilit\u00e9 des march\u00e9s \u2013 constitue un d\u00e9fi de taille pour les petites et moyennes entreprises. Dans le <strong>Projet de recherche VProSaar<\/strong> Au cours des quatre derni\u00e8res ann\u00e9es, ZeMA a mis au point des technologies pour une production distribu\u00e9e, connect\u00e9e et centr\u00e9e sur l'homme.<\/p>\n<p>A l'issue du projet, nous vous invitons cordialement \u00e0 <strong>R\u00e9sultats en direct sur notre d\u00e9monstrateur<\/strong> d'\u00e9changer directement avec notre \u00e9quipe de recherche et d'autres entreprises de la r\u00e9gion.<\/p>\n<p>Date : <strong>Mardi 3 novembre 2026, de 14h00 \u00e0 16h00<\/strong><\/p>\n<p>Lieu : ZeMA gGmbH, Eschberger Weg 46, 66121 Sarrebruck<\/p>\n<p>Profitez d'un aper\u00e7u passionnant des r\u00e9sultats du projet, d'un aper\u00e7u des coulisses de notre paysage de recherche.<\/p>\n<p>La participation est gratuite. <strong>Nous vous prions de vous inscrire avant le 23.10.2026 par e-mail \u00e0 <a href=\"mailto:info@zema.de\">info@zema.de<\/a> <\/strong>avec l'indication du pr\u00e9nom, du nom, de l'institution\/de la soci\u00e9t\u00e9 et de la fonction.<\/p>\n<p>Vous trouverez l'invitation avec plus d'informations ainsi que l'ordre du jour ici:<\/p>\n<p>https:\/\/zema.de\/wp-content\/uploads\/2026\/09\/Einladung-VProSaar-Abschlussveranstaltung_3.11.26.pdf<\/p>\n<p>Nous nous r\u00e9jouissons de votre participation!<\/p>\n\n\t\t<\/div>\n\t<\/div>\n<\/div><\/div><\/div><div class=\"wpb_column vc_column_container vc_col-sm-6\"><div class=\"vc_column-inner\"><div class=\"wpb_wrapper\">\n\t<div  class=\"wpb_single_image wpb_content_element vc_align_left\">\n\t\t\n\t\t<figure class=\"wpb_wrapper vc_figure\">\n\t\t\t<a href=\"target:_blank\" target=\"\"  class=\"vc_single_image-wrapper   rollover\"   ><img loading=\"lazy\" decoding=\"async\" width=\"1024\" height=\"764\" src=\"https:\/\/zema.de\/wp-content\/uploads\/2026\/09\/Einladungsbild-webseite-1024x764.png\" class=\"vc_single_image-img attachment-large\" alt=\"\" title=\"Page web de l&#039;image d&#039;invitation\" srcset=\"https:\/\/zema.de\/wp-content\/uploads\/2026\/09\/Einladungsbild-webseite-1024x764.png 1024w, https:\/\/zema.de\/wp-content\/uploads\/2026\/09\/Einladungsbild-webseite-300x224.png 300w, https:\/\/zema.de\/wp-content\/uploads\/2026\/09\/Einladungsbild-webseite-768x573.png 768w, https:\/\/zema.de\/wp-content\/uploads\/2026\/09\/Einladungsbild-webseite-1536x1146.png 1536w, https:\/\/zema.de\/wp-content\/uploads\/2026\/09\/Einladungsbild-webseite-16x12.png 16w, https:\/\/zema.de\/wp-content\/uploads\/2026\/09\/Einladungsbild-webseite.png 1623w\" sizes=\"auto, (max-width: 1024px) 100vw, 1024px\"  data-dt-location=\"https:\/\/zema.de\/fr\/einladungsbild-webseite\/\" \/><\/a>\n\t\t<\/figure>\n\t<\/div>\n<\/div><\/div><\/div><\/div><div class=\"vc_row wpb_row vc_row-fluid\"><div class=\"wpb_column vc_column_container vc_col-sm-12\"><div class=\"vc_column-inner\"><div class=\"wpb_wrapper\"><\/div><\/div><\/div><\/div><div class=\"vc_row wpb_row vc_row-fluid\"><div class=\"wpb_column vc_column_container vc_col-sm-12\"><div class=\"vc_column-inner\"><div class=\"wpb_wrapper\"><\/div><\/div><\/div><\/div>\n<\/div>","protected":false},"excerpt":{"rendered":"<p>Quatre ans de recherche, un apr\u00e8s-midi plein d'impulsions. La transformation structurelle de l\u2019industrie automobile \u2013 d\u00e9carbonation, \u00e9lectrification, volatilit\u00e9 des march\u00e9s \u2013 constitue un d\u00e9fi de taille pour les petites et moyennes entreprises. Dans le cadre du projet de recherche VProSaar, ZeMA a d\u00e9velopp\u00e9 au cours des quatre derni\u00e8res ann\u00e9es des technologies pour une production distribu\u00e9e, connect\u00e9e et centr\u00e9e sur l'homme, qui s'appuient pr\u00e9cis\u00e9ment sur ces technologies. \u00c0 la fin du projet, nous invitons \u2026<\/p>","protected":false},"author":21,"featured_media":20545,"comment_status":"closed","ping_status":"closed","sticky":false,"template":"","format":"standard","meta":{"footnotes":""},"categories":[41],"tags":[],"class_list":["post-20542","post","type-post","status-publish","format-standard","has-post-thumbnail","hentry","category-zema-news","category-41","description-off"],"yoast_head":"<!-- This site is optimized with the Yoast SEO plugin v28.4 - https:\/\/yoast.com\/product\/yoast-seo-wordpress\/ -->\n<title>Einladung zur Abschlussveranstaltung: VProSaar - fl.zema.de<\/title>\n<meta name=\"robots\" content=\"index, follow, max-snippet:-1, max-image-preview:large, max-video-preview:-1\" \/>\n<link rel=\"canonical\" href=\"https:\/\/zema.de\/fr\/2026\/09\/02\/einladung-zur-abschlussveranstaltung-vprosaar\/\" \/>\n<meta property=\"og:locale\" content=\"fr_FR\" \/>\n<meta property=\"og:type\" content=\"article\" \/>\n<meta property=\"og:title\" content=\"Einladung zur Abschlussveranstaltung: VProSaar - fl.zema.de\" \/>\n<meta property=\"og:url\" content=\"https:\/\/zema.de\/fr\/2026\/09\/02\/einladung-zur-abschlussveranstaltung-vprosaar\/\" \/>\n<meta property=\"og:site_name\" content=\"fl.zema.de\" \/>\n<meta property=\"article:published_time\" content=\"2026-09-02T13:41:21+00:00\" \/>\n<meta property=\"og:image\" content=\"https:\/\/zema.de\/wp-content\/uploads\/2026\/09\/Einladungsbild-webseite.png\" \/>\n\t<meta property=\"og:image:width\" content=\"1623\" \/>\n\t<meta property=\"og:image:height\" content=\"1211\" \/>\n\t<meta property=\"og:image:type\" content=\"image\/png\" \/>\n<meta name=\"author\" content=\"Verena Milde\" \/>\n<meta name=\"twitter:card\" content=\"summary_large_image\" \/>\n<meta name=\"twitter:label1\" content=\"\u00c9crit par\" \/>\n\t<meta name=\"twitter:data1\" content=\"Verena Milde\" \/>\n\t<meta name=\"twitter:label2\" content=\"Dur\u00e9e de lecture estim\u00e9e\" \/>\n\t<meta name=\"twitter:data2\" content=\"2 minutes\" \/>\n<script type=\"application\/ld+json\" class=\"yoast-schema-graph\">{\"@context\":\"https:\\\/\\\/schema.org\",\"@graph\":[{\"@type\":\"Article\",\"@id\":\"https:\\\/\\\/zema.de\\\/2026\\\/09\\\/02\\\/einladung-zur-abschlussveranstaltung-vprosaar\\\/#article\",\"isPartOf\":{\"@id\":\"https:\\\/\\\/zema.de\\\/2026\\\/09\\\/02\\\/einladung-zur-abschlussveranstaltung-vprosaar\\\/\"},\"author\":{\"name\":\"Verena Milde\",\"@id\":\"https:\\\/\\\/zema.de\\\/#\\\/schema\\\/person\\\/9f8eda3ce58363025099ef8cf8fc2198\"},\"headline\":\"Einladung zur Abschlussveranstaltung: VProSaar\",\"datePublished\":\"2026-09-02T13:41:21+00:00\",\"mainEntityOfPage\":{\"@id\":\"https:\\\/\\\/zema.de\\\/2026\\\/09\\\/02\\\/einladung-zur-abschlussveranstaltung-vprosaar\\\/\"},\"wordCount\":224,\"image\":{\"@id\":\"https:\\\/\\\/zema.de\\\/2026\\\/09\\\/02\\\/einladung-zur-abschlussveranstaltung-vprosaar\\\/#primaryimage\"},\"thumbnailUrl\":\"https:\\\/\\\/zema.de\\\/wp-content\\\/uploads\\\/2026\\\/09\\\/Einladungsbild-webseite.png\",\"articleSection\":[\"ZeMA News\"],\"inLanguage\":\"fr-FR\"},{\"@type\":\"WebPage\",\"@id\":\"https:\\\/\\\/zema.de\\\/2026\\\/09\\\/02\\\/einladung-zur-abschlussveranstaltung-vprosaar\\\/\",\"url\":\"https:\\\/\\\/zema.de\\\/2026\\\/09\\\/02\\\/einladung-zur-abschlussveranstaltung-vprosaar\\\/\",\"name\":\"Einladung zur Abschlussveranstaltung: VProSaar - fl.zema.de\",\"isPartOf\":{\"@id\":\"https:\\\/\\\/zema.de\\\/#website\"},\"primaryImageOfPage\":{\"@id\":\"https:\\\/\\\/zema.de\\\/2026\\\/09\\\/02\\\/einladung-zur-abschlussveranstaltung-vprosaar\\\/#primaryimage\"},\"image\":{\"@id\":\"https:\\\/\\\/zema.de\\\/2026\\\/09\\\/02\\\/einladung-zur-abschlussveranstaltung-vprosaar\\\/#primaryimage\"},\"thumbnailUrl\":\"https:\\\/\\\/zema.de\\\/wp-content\\\/uploads\\\/2026\\\/09\\\/Einladungsbild-webseite.png\",\"datePublished\":\"2026-09-02T13:41:21+00:00\",\"author\":{\"@id\":\"https:\\\/\\\/zema.de\\\/#\\\/schema\\\/person\\\/9f8eda3ce58363025099ef8cf8fc2198\"},\"breadcrumb\":{\"@id\":\"https:\\\/\\\/zema.de\\\/2026\\\/09\\\/02\\\/einladung-zur-abschlussveranstaltung-vprosaar\\\/#breadcrumb\"},\"inLanguage\":\"fr-FR\",\"potentialAction\":[{\"@type\":\"ReadAction\",\"target\":[\"https:\\\/\\\/zema.de\\\/2026\\\/09\\\/02\\\/einladung-zur-abschlussveranstaltung-vprosaar\\\/\"]}]},{\"@type\":\"ImageObject\",\"inLanguage\":\"fr-FR\",\"@id\":\"https:\\\/\\\/zema.de\\\/2026\\\/09\\\/02\\\/einladung-zur-abschlussveranstaltung-vprosaar\\\/#primaryimage\",\"url\":\"https:\\\/\\\/zema.de\\\/wp-content\\\/uploads\\\/2026\\\/09\\\/Einladungsbild-webseite.png\",\"contentUrl\":\"https:\\\/\\\/zema.de\\\/wp-content\\\/uploads\\\/2026\\\/09\\\/Einladungsbild-webseite.png\",\"width\":1623,\"height\":1211},{\"@type\":\"BreadcrumbList\",\"@id\":\"https:\\\/\\\/zema.de\\\/2026\\\/09\\\/02\\\/einladung-zur-abschlussveranstaltung-vprosaar\\\/#breadcrumb\",\"itemListElement\":[{\"@type\":\"ListItem\",\"position\":1,\"name\":\"Startseite\",\"item\":\"https:\\\/\\\/zema.de\\\/\"},{\"@type\":\"ListItem\",\"position\":2,\"name\":\"Einladung zur Abschlussveranstaltung: VProSaar\"}]},{\"@type\":\"WebSite\",\"@id\":\"https:\\\/\\\/zema.de\\\/#website\",\"url\":\"https:\\\/\\\/zema.de\\\/\",\"name\":\"fl.zema.de\",\"description\":\"Zentrum f\u00fcr Mechatronik und Automatisierungstechnik\",\"potentialAction\":[{\"@type\":\"SearchAction\",\"target\":{\"@type\":\"EntryPoint\",\"urlTemplate\":\"https:\\\/\\\/zema.de\\\/?s={search_term_string}\"},\"query-input\":{\"@type\":\"PropertyValueSpecification\",\"valueRequired\":true,\"valueName\":\"search_term_string\"}}],\"inLanguage\":\"fr-FR\"},{\"@type\":\"Person\",\"@id\":\"https:\\\/\\\/zema.de\\\/#\\\/schema\\\/person\\\/9f8eda3ce58363025099ef8cf8fc2198\",\"name\":\"Verena Milde\",\"image\":{\"@type\":\"ImageObject\",\"inLanguage\":\"fr-FR\",\"@id\":\"https:\\\/\\\/secure.gravatar.com\\\/avatar\\\/b385450529ea92532253064f17380a7119759b84e7211eb2451570829f9011a8?s=96&d=mm&r=g\",\"url\":\"https:\\\/\\\/secure.gravatar.com\\\/avatar\\\/b385450529ea92532253064f17380a7119759b84e7211eb2451570829f9011a8?s=96&d=mm&r=g\",\"contentUrl\":\"https:\\\/\\\/secure.gravatar.com\\\/avatar\\\/b385450529ea92532253064f17380a7119759b84e7211eb2451570829f9011a8?s=96&d=mm&r=g\",\"caption\":\"Verena Milde\"},\"url\":\"https:\\\/\\\/zema.de\\\/fr\\\/author\\\/v-milde\\\/\"}]}<\/script>\n<!-- \/ Yoast SEO plugin. -->","yoast_head_json":{"title":"Einladung zur Abschlussveranstaltung: VProSaar - fl.zema.de","robots":{"index":"index","follow":"follow","max-snippet":"max-snippet:-1","max-image-preview":"max-image-preview:large","max-video-preview":"max-video-preview:-1"},"canonical":"https:\/\/zema.de\/fr\/2026\/09\/02\/einladung-zur-abschlussveranstaltung-vprosaar\/","og_locale":"fr_FR","og_type":"article","og_title":"Einladung zur Abschlussveranstaltung: VProSaar - fl.zema.de","og_url":"https:\/\/zema.de\/fr\/2026\/09\/02\/einladung-zur-abschlussveranstaltung-vprosaar\/","og_site_name":"fl.zema.de","article_published_time":"2026-09-02T13:41:21+00:00","og_image":[{"width":1623,"height":1211,"url":"https:\/\/zema.de\/wp-content\/uploads\/2026\/09\/Einladungsbild-webseite.png","type":"image\/png"}],"author":"Verena Milde","twitter_card":"summary_large_image","twitter_misc":{"\u00c9crit par":"Verena Milde","Dur\u00e9e de lecture estim\u00e9e":"2 minutes"},"schema":{"@context":"https:\/\/schema.org","@graph":[{"@type":"Article","@id":"https:\/\/zema.de\/2026\/09\/02\/einladung-zur-abschlussveranstaltung-vprosaar\/#article","isPartOf":{"@id":"https:\/\/zema.de\/2026\/09\/02\/einladung-zur-abschlussveranstaltung-vprosaar\/"},"author":{"name":"Verena Milde","@id":"https:\/\/zema.de\/#\/schema\/person\/9f8eda3ce58363025099ef8cf8fc2198"},"headline":"Einladung zur Abschlussveranstaltung: VProSaar","datePublished":"2026-09-02T13:41:21+00:00","mainEntityOfPage":{"@id":"https:\/\/zema.de\/2026\/09\/02\/einladung-zur-abschlussveranstaltung-vprosaar\/"},"wordCount":224,"image":{"@id":"https:\/\/zema.de\/2026\/09\/02\/einladung-zur-abschlussveranstaltung-vprosaar\/#primaryimage"},"thumbnailUrl":"https:\/\/zema.de\/wp-content\/uploads\/2026\/09\/Einladungsbild-webseite.png","articleSection":["ZeMA News"],"inLanguage":"fr-FR"},{"@type":"WebPage","@id":"https:\/\/zema.de\/2026\/09\/02\/einladung-zur-abschlussveranstaltung-vprosaar\/","url":"https:\/\/zema.de\/2026\/09\/02\/einladung-zur-abschlussveranstaltung-vprosaar\/","name":"Einladung zur Abschlussveranstaltung: VProSaar - fl.zema.de","isPartOf":{"@id":"https:\/\/zema.de\/#website"},"primaryImageOfPage":{"@id":"https:\/\/zema.de\/2026\/09\/02\/einladung-zur-abschlussveranstaltung-vprosaar\/#primaryimage"},"image":{"@id":"https:\/\/zema.de\/2026\/09\/02\/einladung-zur-abschlussveranstaltung-vprosaar\/#primaryimage"},"thumbnailUrl":"https:\/\/zema.de\/wp-content\/uploads\/2026\/09\/Einladungsbild-webseite.png","datePublished":"2026-09-02T13:41:21+00:00","author":{"@id":"https:\/\/zema.de\/#\/schema\/person\/9f8eda3ce58363025099ef8cf8fc2198"},"breadcrumb":{"@id":"https:\/\/zema.de\/2026\/09\/02\/einladung-zur-abschlussveranstaltung-vprosaar\/#breadcrumb"},"inLanguage":"fr-FR","potentialAction":[{"@type":"ReadAction","target":["https:\/\/zema.de\/2026\/09\/02\/einladung-zur-abschlussveranstaltung-vprosaar\/"]}]},{"@type":"ImageObject","inLanguage":"fr-FR","@id":"https:\/\/zema.de\/2026\/09\/02\/einladung-zur-abschlussveranstaltung-vprosaar\/#primaryimage","url":"https:\/\/zema.de\/wp-content\/uploads\/2026\/09\/Einladungsbild-webseite.png","contentUrl":"https:\/\/zema.de\/wp-content\/uploads\/2026\/09\/Einladungsbild-webseite.png","width":1623,"height":1211},{"@type":"BreadcrumbList","@id":"https:\/\/zema.de\/2026\/09\/02\/einladung-zur-abschlussveranstaltung-vprosaar\/#breadcrumb","itemListElement":[{"@type":"ListItem","position":1,"name":"Startseite","item":"https:\/\/zema.de\/"},{"@type":"ListItem","position":2,"name":"Einladung zur Abschlussveranstaltung: VProSaar"}]},{"@type":"WebSite","@id":"https:\/\/zema.de\/#website","url":"https:\/\/zema.de\/","name":"fl.zema.de","description":"Zentrum f\u00fcr Mechatronik und Automatisierungstechnik","potentialAction":[{"@type":"SearchAction","target":{"@type":"EntryPoint","urlTemplate":"https:\/\/zema.de\/?s={search_term_string}"},"query-input":{"@type":"PropertyValueSpecification","valueRequired":true,"valueName":"search_term_string"}}],"inLanguage":"fr-FR"},{"@type":"Person","@id":"https:\/\/zema.de\/#\/schema\/person\/9f8eda3ce58363025099ef8cf8fc2198","name":"Verena Milde","image":{"@type":"ImageObject","inLanguage":"fr-FR","@id":"https:\/\/secure.gravatar.com\/avatar\/b385450529ea92532253064f17380a7119759b84e7211eb2451570829f9011a8?s=96&d=mm&r=g","url":"https:\/\/secure.gravatar.com\/avatar\/b385450529ea92532253064f17380a7119759b84e7211eb2451570829f9011a8?s=96&d=mm&r=g","contentUrl":"https:\/\/secure.gravatar.com\/avatar\/b385450529ea92532253064f17380a7119759b84e7211eb2451570829f9011a8?s=96&d=mm&r=g","caption":"Verena Milde"},"url":"https:\/\/zema.de\/fr\/author\/v-milde\/"}]}},"_links":{"self":[{"href":"https:\/\/zema.de\/fr\/wp-json\/wp\/v2\/posts\/20542","targetHints":{"allow":["GET"]}}],"collection":[{"href":"https:\/\/zema.de\/fr\/wp-json\/wp\/v2\/posts"}],"about":[{"href":"https:\/\/zema.de\/fr\/wp-json\/wp\/v2\/types\/post"}],"author":[{"embeddable":true,"href":"https:\/\/zema.de\/fr\/wp-json\/wp\/v2\/users\/21"}],"replies":[{"embeddable":true,"href":"https:\/\/zema.de\/fr\/wp-json\/wp\/v2\/comments?post=20542"}],"version-history":[{"count":4,"href":"https:\/\/zema.de\/fr\/wp-json\/wp\/v2\/posts\/20542\/revisions"}],"predecessor-version":[{"id":20548,"href":"https:\/\/zema.de\/fr\/wp-json\/wp\/v2\/posts\/20542\/revisions\/20548"}],"wp:featuredmedia":[{"embeddable":true,"href":"https:\/\/zema.de\/fr\/wp-json\/wp\/v2\/media\/20545"}],"wp:attachment":[{"href":"https:\/\/zema.de\/fr\/wp-json\/wp\/v2\/media?parent=20542"}],"wp:term":[{"taxonomy":"category","embeddable":true,"href":"https:\/\/zema.de\/fr\/wp-json\/wp\/v2\/categories?post=20542"},{"taxonomy":"post_tag","embeddable":true,"href":"https:\/\/zema.de\/fr\/wp-json\/wp\/v2\/tags?post=20542"}],"curies":[{"name":"wp","href":"https:\/\/api.w.org\/{rel}","templated":true}]}}